{"id":1773,"date":"2015-03-05T06:00:00","date_gmt":"2015-03-05T06:00:00","guid":{"rendered":"http:\/\/plazajuarez.mx\/index\/index.php\/2015\/03\/05\/futbol-nacional-30\/"},"modified":"2015-03-05T06:00:00","modified_gmt":"2015-03-05T06:00:00","slug":"futbol-nacional-30","status":"publish","type":"post","link":"https:\/\/plazajuarez.mx\/historico\/futbol-nacional-30\/","title":{"rendered":"Futbol Nacional"},"content":{"rendered":"<p>CONCACHAMPIONS<\/p>\n<p><strong>No hubo sorpresas; Am\u00e9rica en semifinales<\/strong><\/p>\n<ul>\n<li>Los goles del partido fueron obra de: Jos\u00e9 Guerrero y Osmar Mares <!--more--> <\/li>\n<\/ul>\n<p>Sin despeinarse, el cuadro las \u00c1guilas del Am\u00e9rica avanz\u00f3 a las semifinales del torneo de la Liga de campeones de la CONCACAF, al imponerse ayer 2-0 al cuadro de Saprissa de Costa Rica. El global concluy\u00f3 con un contundente 5-0 por lo que el equipo de Gustavo Matosas no tuvo mayores problemas en los cuartos de final.<\/p>\n<p>\u00a0<\/p>\n<p>\u00a0<\/p>\n<p>En la primera mitad, el cuadro tico comenz\u00f3 atacar, sin embargo conforme transcurri\u00f3 el encuentro, las \u00e1guilas se adue\u00f1aron del partido. Matosas altern\u00f3 un cuadro entre titulares y suplentes para afrontar una eliminatoria que pr\u00e1cticamente estaba sentenciada.<\/p>\n<p>\u00a0<\/p>\n<p>Pocas oportunidades hubo en el primer tiempo, y cuando parec\u00eda que todo se quedar\u00eda en ceros, apareci\u00f3 al minuto 43&#8242; Jos\u00e9 Guerrero quien conect\u00f3 el bal\u00f3n en el \u00e1rea chica para marcar la anotaci\u00f3n.<\/p>\n<p>\u00a0<\/p>\n<p>En la parte complementaria, Am\u00e9rica sigui\u00f3 con la misma m\u00edstica atacar y circular adecuadamente el bal\u00f3n. El cuadro tico estaba totalmente entregado, y lejos de atacar para acortar distancias se defend\u00eda para evitar una mayor goleada.<\/p>\n<p>\u00a0<\/p>\n<p>Sin embargo, en los \u00faltimos minutos, Am\u00e9rica se relaj\u00f3 y permiti\u00f3 que Saprissa atacara y generara algunas llegadas de peligro en el marco de Mois\u00e9s Mu\u00f1oz. Al 80&#8242; lleg\u00f3 el segundo por conducto de Osmar Mares para liquidar la serie.<\/p>\n<p>\u00a0<\/p>\n<p>Con este resultado, Am\u00e9rica vol\u00f3 a las semifinales y ahora enfrentar\u00e1 al ganador entre Herediano y Olimpia.<\/p>\n<p>\u00a0<\/p>\n<p>\u00a0<\/p>\n<p>***<\/p>\n<p>COPA LIBERTADORES<\/p>\n<p><strong>Atlas paga caro fallas al ataque<\/strong><\/p>\n<p>\u00a0<\/p>\n<p>De nada le sirvi\u00f3 al Atlas una buena actuaci\u00f3n durante la primera parte, pues las fallas al ataque y dos tantos de Esteban Paredes le costaron caer ayer\u00a0 2\u20110 ante Colo\u2011Colo en la tercera fecha de la Copa Libertadores de Am\u00e9rica.<\/p>\n<p>\u00a0<\/p>\n<p>Los rojinegros fueron los que mejor se plantaron en los primeros 45 minutos, pero su falta de punter\u00eda y las intervenciones del arquero paraguayo Justo Villar impidieron el peligro.<\/p>\n<p>Para la segunda mitad, los de casa se encontraron con la primera anotaci\u00f3n cuando, al minuto 68, Vecchio fue derribado dentro del \u00e1rea por Juan Carlos Medina. Esteban Paredes pidi\u00f3 el bal\u00f3n y mand\u00f3 la pelota a la red para poner el 1\u20110.<\/p>\n<p>\u00a0<\/p>\n<p>Tom\u00e1s Boy hizo ingresar a Aldo Leao para buscar que su equipo retomara el mando del duelo, pero Walter Kanneman fue expulsado y todo se le complic\u00f3 a los aztecas.<\/p>\n<p>\u00a0<\/p>\n<p>El doblete de Paredes lleg\u00f3 en el 90\u2019, con lo que el Cacique arrib\u00f3 a seis unidades en el grupo uno y al Atlas se qued\u00f3 en tres.<\/p>\n<p>**<\/p>\n<p>\u00a0<\/p>\n<p><strong>Roque Santa Cruz dice estar listo para volver<\/strong><\/p>\n<p>\u00a0<\/p>\n<p>\u00a0De mil colores se puso ayer el delantero paraguayo de Cruz Azul, Roque Santacruz, al responder a las cr\u00edticas de haber venido a M\u00e9xico nada m\u00e1s a cobrar e incluso de que se le considera un jugador de cristal por sus lesiones.<\/p>\n<p>\u201cLa afici\u00f3n siempre tiene voz para opinar y m\u00e1s all\u00e1 de que sea cierto o no (que s\u00f3lo haya venido a M\u00e9xico a cobrar) siempre van a tener su punto de vista\u201d, afirm\u00f3.<\/p>\n<p>\u201cEs perfectamente entendible, pero la \u00fanica manera que tengo de responder es jugando y me siento contento porque ya estoy listo para volver y una vez que lo haga, solitas se van a responder las preguntas\u201d, a\u00f1adi\u00f3 al final de la pr\u00e1ctica en La Noria.<\/p>\n<p>Al final, la afici\u00f3n nos va a medir de acuerdo al \u00e9xito que tenga el equipo y nada m\u00e1s&#8230; Aunque juegue todos los partidos, si el equipo no sale campe\u00f3n las cr\u00edticas siempre van a estar ah\u00ed, pero si logramos el t\u00edtulo, m\u00e1s all\u00e1 de que juegue uno o dos partidos, ser\u00e1 diferente\u201d, enfatiz\u00f3.<\/p>\n<p>\u201cEs una situaci\u00f3n en la que no puedo sentarme a comer con todos, con la gente que est\u00e9 descontenta con la situaci\u00f3n que estoy viviendo. Lo \u00fanico que puedo decir es que estoy trabajando y poniendo lo mejor de m\u00ed para jugar y en cuanto eso pase las cosas ir\u00e1n cambiando\u201d, a\u00f1adi\u00f3 la flamante contrataci\u00f3n de La M\u00e1quina, el jugador que m\u00e1s cobra en este Clausura 2015.<\/p>\n<p>Se le cuestion\u00f3 si se consideraba un jugador de cristal: \u201cNo, eso a m\u00ed no&#8230; (y se contuvo) He tenido facetas muy buenas en mi carrera, complicaciones tambi\u00e9n, pero siempre me he recuperado y vuelto a un nivel muy bueno\u201d.<\/p>\n<p>M\u00e1s relajado, continu\u00f3: \u201cNo puedo estar al pendiente de todo lo que la gente puede decir, porque habr\u00e1 alguna que est\u00e9 contenta y otra que no. Lo m\u00edo y en lo que puedo influir es en mi trabajo d\u00eda a d\u00eda y jugar. Lo dem\u00e1s est\u00e1 fuera de mi alcance\u201d.<\/p>\n<p>\u00a0<\/p>\n<p>\u00a0<\/p>\n<p>**<\/p>\n<p>\u00a0<\/p>\n<p><strong>\u201cTemo\u201d ser\u00e1 ratificado el s\u00e1bado candidato del PSD<\/strong><\/p>\n<p>\u00a0<\/p>\n<p>El pr\u00f3ximo s\u00e1bado, el Partido Social Dem\u00f3crata de Morelos, realizar\u00e1 su convenci\u00f3n electoral en la que se proclamar\u00e1n a los candidatos para los diversos puestos de elecci\u00f3n popular.<\/p>\n<p>En ese acto, el futbolista Cuauht\u00e9moc Blanco ser\u00e1 ratificado como candidato a la presidencia municipal de Cuernavaca, pero el \u2018Cuauh\u2019, no estar\u00e1 presente.<\/p>\n<p>Ese mismo d\u00eda, el Puebla estar\u00e1 en Chiapas, jugando contra los Jaguares y Blanco est\u00e1 considerado para entrar, por lo menos en la n\u00f3mina de viajantes para ese juego.<\/p>\n<p>\u201cNo, no habr\u00e1 ning\u00fan problema porque Cuauht\u00e9moc no est\u00e9. Los \u00fanicos que tienen que estar presentes de manera obligatoria, son los consejeros pol\u00edticos, no se cita a todos los candidatos, porque ser\u00eda algo complicado\u201d, explica Eduardo Bordonave, presidente del PSD morelense.<\/p>\n<p>\u00a0<\/p>\n<p>Blanco disput\u00f3 el puesto en su partido de forma simb\u00f3lica con C\u00e9sar Baena, m\u00e1s la realidad es que el futbolista ser\u00e1 elegido por unanimidad. \u201cEs obvio que tendr\u00e1 todos los votos a su favor \u2014reitera Bordonave\u2014, eso y con el informe de su precampa\u00f1a, cumple con los requisitos. Su precampa\u00f1a fue discreta, retir\u00f3 la propaganda que se colg\u00f3, no realiz\u00f3 ning\u00fan acto proselitista, s\u00f3lo se reuni\u00f3 con parte de las estructuras del partido, con algunos otros candidatos de otros municipios\u201d.<\/p>\n<p>**<\/p>\n<p><strong>AS\u00cd QUEDARON LOS CUARTOS DE FINAL DEL TORNEO DE COPA MX<\/strong><\/p>\n<p>\u00a0<\/p>\n<p>Tijuana\u00a0\u00a0\u00a0\u00a0 VS Chiapas<\/p>\n<p>Puebla\u00a0\u00a0\u00a0\u00a0\u00a0\u00a0 VS M\u00e9rida<\/p>\n<p>Gallos\u00a0\u00a0\u00a0\u00a0\u00a0\u00a0 VS Chivas<\/p>\n<p>Monterrey\u00a0 VS Correcaminos<\/p>\n<p>\u00a0<\/p>\n<p>\u00a0<\/p>\n<p><strong>JORNADA 6 TORNEO DE COPA MX<\/strong><\/p>\n<p>\u00a0Alebrijes\u00a0\u00a0 1 \u2011 2 Zacatepec (2\u20114)<\/p>\n<p>Puebla\u00a0\u00a0\u00a0\u00a0\u00a0\u00a0 1 \u2011 0 Toluca (4\u20114)<\/p>\n<p>Necaxa\u00a0\u00a0\u00a0\u00a0\u00a0 1\u20111 Coras (2\u20114)<\/p>\n<p>Jaguares\u00a0\u00a0\u00a0\u00a0 3\u20111 Pumas (6\u20111)<\/p>\n<p>\u00a0<\/p>\n<p><strong>PARA HOY COPA LIBERTADORES<\/strong><\/p>\n<p>River Plate VS Tigres\u00a0\u00a0 16:15 horas<\/p>\n","protected":false},"excerpt":{"rendered":"<p>CONCACHAMPIONS No hubo sorpresas; Am\u00e9rica en semifinales Los goles del partido fueron obra de: Jos\u00e9 Guerrero y Osmar Mares<\/p>\n","protected":false},"author":93,"featured_media":0,"comment_status":"open","ping_status":"open","sticky":false,"template":"","format":"standard","meta":{"footnotes":""},"categories":[39],"tags":[],"class_list":["post-1773","post","type-post","status-publish","format-standard","hentry","category-deportiva"],"_links":{"self":[{"href":"https:\/\/plazajuarez.mx\/historico\/wp-json\/wp\/v2\/posts\/1773","targetHints":{"allow":["GET"]}}],"collection":[{"href":"https:\/\/plazajuarez.mx\/historico\/wp-json\/wp\/v2\/posts"}],"about":[{"href":"https:\/\/plazajuarez.mx\/historico\/wp-json\/wp\/v2\/types\/post"}],"author":[{"embeddable":true,"href":"https:\/\/plazajuarez.mx\/historico\/wp-json\/wp\/v2\/users\/93"}],"replies":[{"embeddable":true,"href":"https:\/\/plazajuarez.mx\/historico\/wp-json\/wp\/v2\/comments?post=1773"}],"version-history":[{"count":0,"href":"https:\/\/plazajuarez.mx\/historico\/wp-json\/wp\/v2\/posts\/1773\/revisions"}],"wp:attachment":[{"href":"https:\/\/plazajuarez.mx\/historico\/wp-json\/wp\/v2\/media?parent=1773"}],"wp:term":[{"taxonomy":"category","embeddable":true,"href":"https:\/\/plazajuarez.mx\/historico\/wp-json\/wp\/v2\/categories?post=1773"},{"taxonomy":"post_tag","embeddable":true,"href":"https:\/\/plazajuarez.mx\/historico\/wp-json\/wp\/v2\/tags?post=1773"}],"curies":[{"name":"wp","href":"https:\/\/api.w.org\/{rel}","templated":true}]}}