{"id":1772,"date":"2015-03-05T06:00:00","date_gmt":"2015-03-05T06:00:00","guid":{"rendered":"http:\/\/plazajuarez.mx\/index\/index.php\/2015\/03\/05\/futbol-internacional-25\/"},"modified":"2015-03-05T06:00:00","modified_gmt":"2015-03-05T06:00:00","slug":"futbol-internacional-25","status":"publish","type":"post","link":"https:\/\/plazajuarez.mx\/historico\/futbol-internacional-25\/","title":{"rendered":"Futbol Internacional"},"content":{"rendered":"<p>COPA DEL REY<\/p>\n<p><strong>Barcelona de nueva cuenta en otra final<\/strong><\/p>\n<p>  <!--more-->  <\/p>\n<p>\u00a0<\/p>\n<p>Los chispazos del Barcelona pudieron m\u00e1s que la inspiraci\u00f3n del Villarreal, pues con triunfo de 3\u20111 en la Vuelta de las Semifinales (6\u20112 global) se coloc\u00f3 en la antesala de conseguir su trofeo n\u00famero 27 en Copa del Rey.<\/p>\n<p>\u00a0<\/p>\n<p>El brasile\u00f1o Neymar (3\u2019 y 88\u2019) y el uruguayo Luis Su\u00e1rez (73\u2019) catapultaron al conjunto &#8220;cul\u00e9&#8221; a la gran Final, en la que podr\u00e1n sacarse la espinita por perder el t\u00edtulo frente a Real Madrid el a\u00f1o pasado, mientras que para el club &#8220;amarillo&#8221; signific\u00f3 el fin de la alegr\u00eda por avanzar de forma in\u00e9dita a esta instancia.<\/p>\n<p>\u00a0<\/p>\n<p>El Villarreal termin\u00f3 sufriendo en gran parte por jugar con 10 hombres tras la expulsi\u00f3n de Tom\u00e1s Pina (65\u2019), debido a la aparatosa falta que cometi\u00f3 sobre &#8220;Ney&#8221;.<\/p>\n<p>\u00a0<\/p>\n<p>Desde temprano, el conjunto blaugrana crucific\u00f3 a sus rivales con una combinaci\u00f3n entre el argentino Lionel Messi y Neymar, quien defini\u00f3 ante la salida del cancerbero Sergio Asenjo.<\/p>\n<p>\u00a0<\/p>\n<p>Pese a que el panorama ya luc\u00eda muy complicado, los pupilos de Marcelino Garc\u00eda Toral no bajaron los brazos y empezaron a lanzar advertencias a trav\u00e9s de los embates del ruso Denis Cheryshev y el nigeriano Ikechukwu Uche.<\/p>\n<p>\u00a0<\/p>\n<p>Tanto era el \u00edmpetu del &#8220;Submarino Amarillo&#8221;, que comenzaron a caer en faltas innecesarias y reclamos airados, como el que le vali\u00f3 la amonestaci\u00f3n a &#8220;Jona&#8221; (35\u2019).<\/p>\n<p>\u00a0<\/p>\n<p>La perseverancia de los locales rindi\u00f3 fruto antes del descanso gracias a un centro que cruz\u00f3 toda el \u00e1rea chica y se le escap\u00f3 a dos posibles rematadores, pero nadie repar\u00f3 en que el menor de los hermanos Dos Santos irrumpi\u00f3 en la zona y prendi\u00f3 el bal\u00f3n como ven\u00eda para as\u00ed batir al arquero alem\u00e1n Marc Ter Stegen.<\/p>\n<p>\u00a0<\/p>\n<p>Fue justo en la jugada del 1\u20111 que Sergio Busquets abandon\u00f3 el campo por una lesi\u00f3n en el tobillo, cuando pele\u00f3 por el esf\u00e9rico con Pina y de ah\u00ed se deriv\u00f3 el empate parcial.<\/p>\n<p>\u00a0<\/p>\n<p>Garc\u00eda Toral intent\u00f3 moviendo sus fichas, dio descanso a gente como Uche y Cheryshev, tambi\u00e9n consciente de que sigue vivo en la Europa League y dio entrada a &#8220;Gio&#8221; (62), pero la moneda estaba echada y con la expulsi\u00f3n no hubo vuelta atr\u00e1s.<\/p>\n<p>\u00a0<\/p>\n<p>Barcelona fue el responsable de cortar su racha de 18 encuentros sin conocer la derrota y entre el choque de Liga, el 1 de febrero pasado, y estos dos del torneo de &#8220;Su Majestad&#8221;, les han anotado en nueve ocasiones.<\/p>\n<p>\u00a0<\/p>\n<p>\u00a0<\/p>\n<p>\u00a0<\/p>\n<p>\u00a0<\/p>\n<p>\u00a0<\/p>\n<p>\u00a0<\/p>\n<p>\u00a0<\/p>\n<p>\u00a0<\/p>\n<p>\u00a0<\/p>\n<p>\u00a0<\/p>\n<p>\u00a0<\/p>\n<p>\u00a0<\/p>\n<p>**<\/p>\n<p><strong>Athletic enfrentar\u00e1 al Barcelona en gran final <\/strong><\/p>\n<p>\u00a0<\/p>\n<p>El Athletic Club deb\u00eda dar la vuelta al empate a uno de la Ida en San Mam\u00e9s y lo logr\u00f3 en la primera parte, con goles de Aduriz y Etxeita (0\u20112), ante un Espanyol m\u00e1s conservador que en anteriores citas y sin capacidad de reacci\u00f3n tras el descanso, pese a mejorar con tres delanteros.<\/p>\n<p>\u00a0<\/p>\n<p>El estadio vivi\u00f3 un ambiente espectacular, antes y durante el encuentro. Eso s\u00ed, ni la grada ni su equipo pudieron frenar a un contrario con m\u00e1s pegada e iniciativa. Ahora, los vascos se medir\u00e1n al Barcelona en la Gran Final con la intenci\u00f3n de conquistar su vig\u00e9simo quinto t\u00edtulo del torneo de la Copa del Rey.<\/p>\n<p>\u00a0<\/p>\n<p>\u00a0<\/p>\n<p>\u00a0<\/p>\n<p>***<\/p>\n<p>\u00a0<\/p>\n<p>\u00a0<\/p>\n<p>\u00a0<\/p>\n<p>\u00a0<\/p>\n<p>\u00a0<\/p>\n<p>\u00a0<\/p>\n<p><strong>Blatter propone medida contra racismo<\/strong><\/p>\n<p>\u00a0<\/p>\n<p>Joseph Blatter, Presidente de la FIFA, plante\u00f3 la posibilidad de quitarle puntos a los equipos en cuyos estadios haya manifestaciones racistas contra los jugadores.<\/p>\n<p>\u00a0<\/p>\n<p>Durante su visita a Paraguay donde acudi\u00f3 al congreso de CONMEBOL, el m\u00e1ximo dirigente del balompi\u00e9 mundial critic\u00f3 las situaciones acontecidas en pa\u00edses como Per\u00fa, donde el lunes un grupo de personas insult\u00f3 al delantero paname\u00f1o Luis Tejada.<\/p>\n<p>\u00a0<\/p>\n<p>&#8220;El problema m\u00e1s grande que hemos visto en los \u00faltimos d\u00edas aqu\u00ed en este continente es el racismo, la discriminaci\u00f3n, el no respeto a ser humano a trav\u00e9s de estas manifestaciones que se llaman discriminatorias&#8221;.<\/p>\n<p>\u00a0<\/p>\n<p>&#8220;Debemos, un d\u00eda dar un ejemplo que no es solamente vetar un estadio, o dar una multa, una sanci\u00f3n pecunaria, no. Es reducir puntos o relegar un equipo. En el momento en que tendremos el coraje de hacerlo va a pararse la discriminaci\u00f3n&#8221;, asever\u00f3 Blatter.<\/p>\n","protected":false},"excerpt":{"rendered":"<p>COPA DEL REY Barcelona de nueva cuenta en otra final<\/p>\n","protected":false},"author":93,"featured_media":0,"comment_status":"open","ping_status":"open","sticky":false,"template":"","format":"standard","meta":{"footnotes":""},"categories":[39],"tags":[],"class_list":["post-1772","post","type-post","status-publish","format-standard","hentry","category-deportiva"],"_links":{"self":[{"href":"https:\/\/plazajuarez.mx\/historico\/wp-json\/wp\/v2\/posts\/1772","targetHints":{"allow":["GET"]}}],"collection":[{"href":"https:\/\/plazajuarez.mx\/historico\/wp-json\/wp\/v2\/posts"}],"about":[{"href":"https:\/\/plazajuarez.mx\/historico\/wp-json\/wp\/v2\/types\/post"}],"author":[{"embeddable":true,"href":"https:\/\/plazajuarez.mx\/historico\/wp-json\/wp\/v2\/users\/93"}],"replies":[{"embeddable":true,"href":"https:\/\/plazajuarez.mx\/historico\/wp-json\/wp\/v2\/comments?post=1772"}],"version-history":[{"count":0,"href":"https:\/\/plazajuarez.mx\/historico\/wp-json\/wp\/v2\/posts\/1772\/revisions"}],"wp:attachment":[{"href":"https:\/\/plazajuarez.mx\/historico\/wp-json\/wp\/v2\/media?parent=1772"}],"wp:term":[{"taxonomy":"category","embeddable":true,"href":"https:\/\/plazajuarez.mx\/historico\/wp-json\/wp\/v2\/categories?post=1772"},{"taxonomy":"post_tag","embeddable":true,"href":"https:\/\/plazajuarez.mx\/historico\/wp-json\/wp\/v2\/tags?post=1772"}],"curies":[{"name":"wp","href":"https:\/\/api.w.org\/{rel}","templated":true}]}}