{"id":177092,"date":"2021-08-14T15:05:39","date_gmt":"2021-08-14T20:05:39","guid":{"rendered":"https:\/\/plazajuarez.mx\/?p=177092"},"modified":"2021-08-14T15:05:51","modified_gmt":"2021-08-14T20:05:51","slug":"messi_aficion","status":"publish","type":"post","link":"https:\/\/plazajuarez.mx\/historico\/messi_aficion\/","title":{"rendered":"La afici\u00f3n del PSG se rindi\u00f3 ante Messi en el Parque de los Pr\u00edncipes"},"content":{"rendered":"\n<p>Par\u00eds Saint-Germain inici\u00f3 la temporada de la Ligue 1 jugando en casa y aprovech\u00f3 para presentar ante toda la afici\u00f3n a los nuevos refuerzos para esta campa\u00f1a, entre ellos Messi, el m\u00e1s ovacionado.<\/p>\n\n\n\n<p>&#8220;\u00a1Messi, Messi!&#8221; se escuch\u00f3 en la tribuna mientras el argentino caminaba hacia el podio que puso el club en la cancha.<\/p>\n\n\n\n<p>Lio Messi dio unas palabras ante toda la afici\u00f3n del PSG que se dio cita en el Parque de los Pr\u00edncipes, el jugador acept\u00f3 que &#8220;fue una semana muy especial, quiero agradecer a toda esta gente por el recibimiento desde que llegu\u00e9 a Par\u00eds, fue incre\u00edble&#8221;.<\/p>\n\n\n\n<p>Messi, quien jugar\u00e1 con el dorsal n\u00famero 30, agreg\u00f3 &#8220;me siento muy feliz, muy ilusionado de estar ac\u00e1, en esta nueva etapa que me toca vivir con much\u00edsimas ganas y ojal\u00e1 todos juntos podamos disfrutar de este a\u00f1o&#8221;.<\/p>\n\n\n\n<p>El futbolista argentino finaliz\u00f3 su discurso deseando sea un gran a\u00f1o para el Par\u00eds Saint-Germain.<\/p>\n\n\n\n<p>Junto a Messi, tambi\u00e9n se hizo la presentaci\u00f3n a toda la afici\u00f3n de los otros cuatro refuerzos del club parisino: Achraf Hakimi, Georginio Wijnaldum, Gianluigi Donnarumma y Sergio Ramos.<\/p>\n\n\n\n<p>El PSG en la primera jornada de la Ligue 1 recibi\u00f3 al Racing Club de Estrasburgo.<\/p>\n","protected":false},"excerpt":{"rendered":"<p>Par\u00eds Saint-Germain inici\u00f3 la temporada de la Ligue 1 jugando en casa y aprovech\u00f3 para presentar ante toda la afici\u00f3n a los nuevos refuerzos para esta campa\u00f1a, entre ellos Messi, el m\u00e1s ovacionado. &#8220;\u00a1Messi, Messi!&#8221; se escuch\u00f3 en la tribuna mientras el argentino caminaba hacia el podio que puso el club en la cancha. Lio [&hellip;]<\/p>\n","protected":false},"author":81,"featured_media":176667,"comment_status":"closed","ping_status":"closed","sticky":false,"template":"","format":"standard","meta":{"footnotes":""},"categories":[39],"tags":[],"class_list":["post-177092","post","type-post","status-publish","format-standard","has-post-thumbnail","hentry","category-deportiva"],"_links":{"self":[{"href":"https:\/\/plazajuarez.mx\/historico\/wp-json\/wp\/v2\/posts\/177092","targetHints":{"allow":["GET"]}}],"collection":[{"href":"https:\/\/plazajuarez.mx\/historico\/wp-json\/wp\/v2\/posts"}],"about":[{"href":"https:\/\/plazajuarez.mx\/historico\/wp-json\/wp\/v2\/types\/post"}],"author":[{"embeddable":true,"href":"https:\/\/plazajuarez.mx\/historico\/wp-json\/wp\/v2\/users\/81"}],"replies":[{"embeddable":true,"href":"https:\/\/plazajuarez.mx\/historico\/wp-json\/wp\/v2\/comments?post=177092"}],"version-history":[{"count":0,"href":"https:\/\/plazajuarez.mx\/historico\/wp-json\/wp\/v2\/posts\/177092\/revisions"}],"wp:featuredmedia":[{"embeddable":true,"href":"https:\/\/plazajuarez.mx\/historico\/wp-json\/wp\/v2\/media\/176667"}],"wp:attachment":[{"href":"https:\/\/plazajuarez.mx\/historico\/wp-json\/wp\/v2\/media?parent=177092"}],"wp:term":[{"taxonomy":"category","embeddable":true,"href":"https:\/\/plazajuarez.mx\/historico\/wp-json\/wp\/v2\/categories?post=177092"},{"taxonomy":"post_tag","embeddable":true,"href":"https:\/\/plazajuarez.mx\/historico\/wp-json\/wp\/v2\/tags?post=177092"}],"curies":[{"name":"wp","href":"https:\/\/api.w.org\/{rel}","templated":true}]}}