{"id":1770,"date":"2015-03-05T06:00:00","date_gmt":"2015-03-05T06:00:00","guid":{"rendered":"http:\/\/plazajuarez.mx\/index\/index.php\/2015\/03\/05\/a-correr-por-la-primavera\/"},"modified":"2015-03-05T06:00:00","modified_gmt":"2015-03-05T06:00:00","slug":"a-correr-por-la-primavera","status":"publish","type":"post","link":"https:\/\/plazajuarez.mx\/historico\/a-correr-por-la-primavera\/","title":{"rendered":"A correr por la primavera"},"content":{"rendered":"<p>CARRERA ATL\u00c9TICA DE TRES KIL\u00d3METROS EN PACHUCA<\/p>\n<ul>\n<li>La cita es este pr\u00f3ximo domingo 8 de marzo en punto de las\u00a0 8:45 horas y la salida se realizar\u00e1 en la tradicional cancha\u00a0 de Cubitos\u00a0<\/li>\n<\/ul>\n<ul>\n<li>Las primeras 300 personas que crucen la meta recibir\u00e1n medalla y las inscripciones son gratis <!--more--> <\/li>\n<\/ul>\n<p>Nuevamente el Instituto Municipal del Deporte de Pachuca (INMUDE) pondr\u00e1 en marcha una carrera atl\u00e9tica, con el prop\u00f3sito de inculcar la cultura del deporte en la poblaci\u00f3n de la capital hidalguense. Asimismo, la competencia es denominada como: \u201cla carrera de la primavera\u201d, la cual constar\u00e1 con un recorrido de tres kil\u00f3metros.<\/p>\n<p>\u00a0<\/p>\n<p>La cita es este pr\u00f3ximo domingo 8 de marzo en punto de las\u00a0 8:45 horas y la salida se realizar\u00e1 en la tradicional cancha\u00a0 de Cubitos. Cabe se\u00f1alar, que las inscripciones son\u00a0 gratis, por lo que la gente hidalguense se podr\u00e1 registrar\u00a0 en la Unidad Deportiva Municipal \u201csolidaridad\u201d a un costado del aeropuerto.<\/p>\n<p>\u00a0<\/p>\n<p>\u00a0<\/p>\n<p>\u00a0<\/p>\n<p>En tanto, los organizadores informaron que se entregar\u00e1n cuatro n\u00fameros por familia\u00a0 en el que cada uno de los integrantes tendr\u00e1 que portar en su pecho el d\u00eda del evento. Se debe de asistir con ropa deportiva (short y playera). Las primeras 300 personas que crucen la meta recibir\u00e1n medalla. Los primeros mil en inscribirse recibir\u00e1n una playera.<\/p>\n<p>\u00a0<\/p>\n<p>Por otro lado, las categor\u00edas ser\u00e1n libres y con capacidades diferentes. En los \u00faltimos tres a\u00f1os, las carreras atl\u00e9ticas han llamado mucho la atenci\u00f3n a los habitantes hidalguenses quienes han respondido muy bien acudieron a cada competencia. Cada vez son m\u00e1s las personas que les atrae correr y en esta ocasi\u00f3n, se espera que la carrera de la primavera cumpla con las expectativas y se tenga un ambiente y convivencia cien por ciento familiar. Finalmente, los organizadores del evento recomiendan a la gente que llegue temprano a la cita, para que no exista ning\u00fan incoveniente.<\/p>\n<p>\u00a0<\/p>\n<p>\u00a0<\/p>\n<p>\u00a0<\/p>\n<p>\u00a0<\/p>\n","protected":false},"excerpt":{"rendered":"<p>CARRERA ATL\u00c9TICA DE TRES KIL\u00d3METROS EN PACHUCA La cita es este pr\u00f3ximo domingo 8 de marzo en punto de las\u00a0 8:45 horas y la salida se realizar\u00e1 en la tradicional cancha\u00a0 de Cubitos\u00a0 Las primeras 300 personas que crucen la meta recibir\u00e1n medalla y las inscripciones son gratis<\/p>\n","protected":false},"author":93,"featured_media":0,"comment_status":"open","ping_status":"open","sticky":false,"template":"","format":"standard","meta":{"footnotes":""},"categories":[39],"tags":[],"class_list":["post-1770","post","type-post","status-publish","format-standard","hentry","category-deportiva"],"_links":{"self":[{"href":"https:\/\/plazajuarez.mx\/historico\/wp-json\/wp\/v2\/posts\/1770","targetHints":{"allow":["GET"]}}],"collection":[{"href":"https:\/\/plazajuarez.mx\/historico\/wp-json\/wp\/v2\/posts"}],"about":[{"href":"https:\/\/plazajuarez.mx\/historico\/wp-json\/wp\/v2\/types\/post"}],"author":[{"embeddable":true,"href":"https:\/\/plazajuarez.mx\/historico\/wp-json\/wp\/v2\/users\/93"}],"replies":[{"embeddable":true,"href":"https:\/\/plazajuarez.mx\/historico\/wp-json\/wp\/v2\/comments?post=1770"}],"version-history":[{"count":0,"href":"https:\/\/plazajuarez.mx\/historico\/wp-json\/wp\/v2\/posts\/1770\/revisions"}],"wp:attachment":[{"href":"https:\/\/plazajuarez.mx\/historico\/wp-json\/wp\/v2\/media?parent=1770"}],"wp:term":[{"taxonomy":"category","embeddable":true,"href":"https:\/\/plazajuarez.mx\/historico\/wp-json\/wp\/v2\/categories?post=1770"},{"taxonomy":"post_tag","embeddable":true,"href":"https:\/\/plazajuarez.mx\/historico\/wp-json\/wp\/v2\/tags?post=1770"}],"curies":[{"name":"wp","href":"https:\/\/api.w.org\/{rel}","templated":true}]}}