{"id":17688,"date":"2016-02-25T12:40:37","date_gmt":"2016-02-25T12:40:37","guid":{"rendered":"http:\/\/plazajuarez.mx\/index\/index.php\/2016\/02\/25\/alfil-negro-376\/"},"modified":"2016-02-25T12:40:37","modified_gmt":"2016-02-25T12:40:37","slug":"alfil-negro-376","status":"publish","type":"post","link":"https:\/\/plazajuarez.mx\/historico\/alfil-negro-376\/","title":{"rendered":"ALFIL NEGRO"},"content":{"rendered":"<p>(En 30 d\u00edas registro de candidato a Gobernador)<\/p>\n<p><strong>*EN 48 HORAS INICIO DE LA ERA \u201cOMAR FAYAD\u201d<\/strong><\/p>\n<p><strong>*DOS LECCIONES DE POL\u00cdTICA PARA EL NUEVO JEFE<\/strong><\/p>\n<p>  <!--more-->  <\/p>\n<p>\u00a0<\/p>\n<p>\u00a0<\/p>\n<p>En 48 horas se inicia la era \u201cOmar Fayad\u201d, porque ser\u00e1 el momento en que los delegados del PRI lo elijan SE\u00d1OR CANDIDATO, que es lo mismo que entregarle de manera oficial la gubernatura del estado, porque tal como est\u00e1n las cosas es imposible que la oposici\u00f3n le pueda arrebatar la llegada al cuarto piso y ser el sucesor del actual gobernador; de tal manera que sin faltarle al respeto a nadie, porque ha sido siempre la historia pol\u00edtica del estado, el candidato del PRI, una vez que es ungido con ese cargo se convierte como por arte de magia en el depositario del bast\u00f3n de mando. Para algunos desde el momento de ser investido con la candidatura, lo que es a lo mejor adelantar un poco el reloj del poder, pero nada alejado de la realidad, porque como dir\u00eda el cronista del juego del tim\u00f3n del barco \u201cas\u00ed es la cosa\u201d.<\/p>\n<p>\u00a0\u00a0\u00a0\u00a0\u00a0\u00a0\u00a0\u00a0\u00a0\u00a0\u00a0 Es la hora del relevo, porque el sabio lo dijo y lo dijo bien, todo lo que empieza termina, o todas las carreras tienen una meta donde acaban, y los periodos de los gobernadores tienen un inicio y un final que para el actual llega a sus \u00faltimos seis meses y d\u00edas ya, lo que equivale a decir que se termina.<\/p>\n<p>\u00a0\u00a0\u00a0\u00a0\u00a0\u00a0\u00a0\u00a0\u00a0\u00a0\u00a0 OMAR FAYAD, este s\u00e1bado 27 ser\u00e1 elegido por los se\u00f1ores consejeros del PRI candidato oficial para la elecci\u00f3n del 5 de junio, que ganar\u00e1 con amplitud a los competidores de los otros partidos, porque tiene todo para hacerlo. Afirmarlo no tiene ning\u00fan chiste, ni se necesita mucha visi\u00f3n pol\u00edtica para manifestarlo, s\u00f3lo sentido com\u00fan.<\/p>\n<p>\u00a0\u00a0\u00a0\u00a0\u00a0\u00a0\u00a0\u00a0\u00a0\u00a0\u00a0 El PRI que dirige el calculador ALBERTO MEL\u00c9NDEZ, prepara todo para la gran fiesta, porque eso quiere que resulte la elecci\u00f3n de su candidato y ya se nota el gran escenario donde el carism\u00e1tico OFM ser\u00e1 revestido con la candidatura y donde pronunciar\u00e1 su discurso con esa investidura y que dar\u00e1 luces de por d\u00f3nde caminar\u00e1 su sexenio.<\/p>\n<p><strong>DOS LECCIONES DE POL\u00cdTICA PARA OFM<\/strong><\/p>\n<p>En los \u00faltimos d\u00edas se han dado dos hechos que parecen ser buenas lecciones de pol\u00edtica para el que ser\u00e1 nuevo gobernador, porque tienen que ver con el ejercicio del poder.<\/p>\n<p>\u00a0\u00a0\u00a0\u00a0\u00a0\u00a0\u00a0\u00a0\u00a0\u00a0\u00a0 UNO: El aniversario luctuoso del asesinato de FRANCISCO I MADERO a manos de Victoriano Huerta, conmemorado el pasado 22 de este mes de febrero. Dice la historia y los que analizan el caso, que si Madero hubiera gobernado con su gente y no con la de Porfirio D\u00edaz, las cosas hubieran sido diferentes. El haber dejado en cargos importantes a las mismas gentes y dejado fuera a quienes hab\u00edan luchado con \u00e9l para ganar la Revoluci\u00f3n le cost\u00f3 perder la vida. La lecci\u00f3n es muy sencilla y l\u00f3gica: si ganas gobierna con tu gente, con quienes pelearon contigo la batalla.<\/p>\n<p>\u00a0\u00a0\u00a0\u00a0\u00a0\u00a0\u00a0\u00a0\u00a0\u00a0\u00a0 DOS: En el caso de la influenza que ha provocado tantas reacciones como el cierre de algunas escuelas particulares y temor entre la poblaci\u00f3n, al parecer por una falta adecuada de comunicaci\u00f3n, queda claro que hablar a tiempo y con la verdad a los ciudadanos siempre ser\u00e1 un principio al que no se puede fallar por nada del mundo. OFM ha declarado que aspira a tener un gobierno cercano a la gente y de mucho di\u00e1logo, con la misma exigencia para quienes le acompa\u00f1en en la administraci\u00f3n. Parece un buen principio.<\/p>\n<p><strong>LAMENTABLE SITUACI\u00d3N DEL INAPAM HIDALGO<\/strong><\/p>\n<p>Algo no camina en el Instituto Nacional para la Atenci\u00f3n de los Adultos Mayores INAPAM , porque si usted acude en busca de una credencial, se encuentra con la sorpresa de que no tienen computadoras que antes s\u00ed ten\u00edan, que la fotograf\u00eda que antes se la tomaban ah\u00ed mismo ahora se la tiene que ir a tomar a la vuelta de la esquina, y que la credencial la arreglan como si fuera de un equipo de futbol , con la recomendaci\u00f3n de que el solicitante la enmique porque la oficina no tiene con qu\u00e9 hacerlo.<\/p>\n<p>\u00a0\u00a0\u00a0\u00a0\u00a0\u00a0\u00a0\u00a0\u00a0\u00a0\u00a0 Para llorar en cuanto a equipamiento, \u00bfpues qu\u00e9 hicieron con el que ten\u00edan que tan mal tratan a la gente mayor?<\/p>\n","protected":false},"excerpt":{"rendered":"<p>(En 30 d\u00edas registro de candidato a Gobernador) *EN 48 HORAS INICIO DE LA ERA \u201cOMAR FAYAD\u201d *DOS LECCIONES DE POL\u00cdTICA PARA EL NUEVO JEFE<\/p>\n","protected":false},"author":93,"featured_media":0,"comment_status":"open","ping_status":"open","sticky":false,"template":"","format":"standard","meta":{"footnotes":""},"categories":[42],"tags":[],"class_list":["post-17688","post","type-post","status-publish","format-standard","hentry","category-nuestrapalabra"],"_links":{"self":[{"href":"https:\/\/plazajuarez.mx\/historico\/wp-json\/wp\/v2\/posts\/17688","targetHints":{"allow":["GET"]}}],"collection":[{"href":"https:\/\/plazajuarez.mx\/historico\/wp-json\/wp\/v2\/posts"}],"about":[{"href":"https:\/\/plazajuarez.mx\/historico\/wp-json\/wp\/v2\/types\/post"}],"author":[{"embeddable":true,"href":"https:\/\/plazajuarez.mx\/historico\/wp-json\/wp\/v2\/users\/93"}],"replies":[{"embeddable":true,"href":"https:\/\/plazajuarez.mx\/historico\/wp-json\/wp\/v2\/comments?post=17688"}],"version-history":[{"count":0,"href":"https:\/\/plazajuarez.mx\/historico\/wp-json\/wp\/v2\/posts\/17688\/revisions"}],"wp:attachment":[{"href":"https:\/\/plazajuarez.mx\/historico\/wp-json\/wp\/v2\/media?parent=17688"}],"wp:term":[{"taxonomy":"category","embeddable":true,"href":"https:\/\/plazajuarez.mx\/historico\/wp-json\/wp\/v2\/categories?post=17688"},{"taxonomy":"post_tag","embeddable":true,"href":"https:\/\/plazajuarez.mx\/historico\/wp-json\/wp\/v2\/tags?post=17688"}],"curies":[{"name":"wp","href":"https:\/\/api.w.org\/{rel}","templated":true}]}}