{"id":176856,"date":"2021-08-13T11:42:58","date_gmt":"2021-08-13T16:42:58","guid":{"rendered":"https:\/\/plazajuarez.mx\/?p=176856"},"modified":"2021-08-13T11:43:11","modified_gmt":"2021-08-13T16:43:11","slug":"gobierno-insiste-en-que-regreso-a-clases-presenciales-es-inminente","status":"publish","type":"post","link":"https:\/\/plazajuarez.mx\/historico\/gobierno-insiste-en-que-regreso-a-clases-presenciales-es-inminente\/","title":{"rendered":"Gobierno insiste en que regreso a clases presenciales es &#8220;inminente&#8221;"},"content":{"rendered":"\n<p> La secretaria de Educaci\u00f3n P\u00fablica de M\u00e9xico, Delfina G\u00f3mez, insisti\u00f3 este jueves en que el regreso a clases presenciales es &#8220;inminente&#8221;, el 30 de agosto, porque el cierre por la pandemia de covid-19 ha dejado en los ni\u00f1os &#8220;problemas muy fuertes de violencia, obesidad y estr\u00e9s&#8221;.<\/p>\n\n\n\n<p>&#8220;Sin duda ya es el regreso a clases algo inminente. Debe ser un retorno responsable ordenado y cauto&#8221;, expres\u00f3 la secretaria en la ma\u00f1anera de AMLO.&nbsp;<\/p>\n\n\n\n<p>M\u00e9xico comenz\u00f3 a transmitir las clases por televisi\u00f3n e internet tras cerrar sus colegios p\u00fablicos en marzo de 2020 y desde entonces el regreso a las aulas ha sido puntual en algunos estados con bajo nivel de contagios y maestros vacunados.<\/p>\n\n\n\n<p>El Gobierno quiere que el pr\u00f3ximo curso, que iniciar\u00e1 el 30 de agosto, sea presencial para sus 33 millones de alumnos, algo que ha inquietado a algunas familias a ra\u00edz de la tercera ola de covid-19 impulsada por la variante delta.<\/p>\n","protected":false},"excerpt":{"rendered":"<p>La secretaria de Educaci\u00f3n P\u00fablica de M\u00e9xico, Delfina G\u00f3mez, insisti\u00f3 este jueves en que el regreso a clases presenciales es &#8220;inminente&#8221;, el 30 de agosto, porque el cierre por la pandemia de covid-19 ha dejado en los ni\u00f1os &#8220;problemas muy fuertes de violencia, obesidad y estr\u00e9s&#8221;. &#8220;Sin duda ya es el regreso a clases algo [&hellip;]<\/p>\n","protected":false},"author":80,"featured_media":176857,"comment_status":"closed","ping_status":"closed","sticky":false,"template":"","format":"standard","meta":{"footnotes":""},"categories":[36],"tags":[],"class_list":["post-176856","post","type-post","status-publish","format-standard","has-post-thumbnail","hentry","category-nacion"],"_links":{"self":[{"href":"https:\/\/plazajuarez.mx\/historico\/wp-json\/wp\/v2\/posts\/176856","targetHints":{"allow":["GET"]}}],"collection":[{"href":"https:\/\/plazajuarez.mx\/historico\/wp-json\/wp\/v2\/posts"}],"about":[{"href":"https:\/\/plazajuarez.mx\/historico\/wp-json\/wp\/v2\/types\/post"}],"author":[{"embeddable":true,"href":"https:\/\/plazajuarez.mx\/historico\/wp-json\/wp\/v2\/users\/80"}],"replies":[{"embeddable":true,"href":"https:\/\/plazajuarez.mx\/historico\/wp-json\/wp\/v2\/comments?post=176856"}],"version-history":[{"count":0,"href":"https:\/\/plazajuarez.mx\/historico\/wp-json\/wp\/v2\/posts\/176856\/revisions"}],"wp:featuredmedia":[{"embeddable":true,"href":"https:\/\/plazajuarez.mx\/historico\/wp-json\/wp\/v2\/media\/176857"}],"wp:attachment":[{"href":"https:\/\/plazajuarez.mx\/historico\/wp-json\/wp\/v2\/media?parent=176856"}],"wp:term":[{"taxonomy":"category","embeddable":true,"href":"https:\/\/plazajuarez.mx\/historico\/wp-json\/wp\/v2\/categories?post=176856"},{"taxonomy":"post_tag","embeddable":true,"href":"https:\/\/plazajuarez.mx\/historico\/wp-json\/wp\/v2\/tags?post=176856"}],"curies":[{"name":"wp","href":"https:\/\/api.w.org\/{rel}","templated":true}]}}