{"id":176614,"date":"2021-08-12T09:51:36","date_gmt":"2021-08-12T14:51:36","guid":{"rendered":"https:\/\/plazajuarez.mx\/?p=176614"},"modified":"2021-08-12T09:51:49","modified_gmt":"2021-08-12T14:51:49","slug":"el-pri-impulsara-reformas-que-den-ritmo-politico-y-social-a-mexico-alejandro-moreno","status":"publish","type":"post","link":"https:\/\/plazajuarez.mx\/historico\/el-pri-impulsara-reformas-que-den-ritmo-politico-y-social-a-mexico-alejandro-moreno\/","title":{"rendered":"EL PRI IMPULSAR\u00c1 REFORMAS QUE DEN RITMO POL\u00cdTICO Y SOCIAL A M\u00c9XICO: ALEJANDRO MORENO"},"content":{"rendered":"\n<p>En la LXV Legislatura, desde el Partido Revolucionario Institucional (PRI) vamos a impulsar reformas a las leyes que pongan y den ritmo en el tema pol\u00edtico y social a nuestro pa\u00eds, que den celeridad y sustancia a la tragedia econ\u00f3mica que tenemos, y para defender las instituciones que todos los mexicanos hemos construido, afirm\u00f3 el Presidente del Comit\u00e9 Ejecutivo Nacional de este instituto pol\u00edtico, Alejandro Moreno, al participar en la presentaci\u00f3n del Informe Legislativo de la diputada federal Cynthia L\u00f3pez Castro.<\/p>\n\n\n\n<p>Despu\u00e9s de expresar su reconocimiento a la legisladora priista por el trabajo extraordinario que realiz\u00f3 en la LXIV Legislatura y confiar en que continuar\u00e1 con ello en la siguiente, el l\u00edder del tricolor anticip\u00f3 que el Grupo Parlamentario priista, bajo la coordinaci\u00f3n de Rub\u00e9n Moreira Valdez, presentar\u00e1 una agenda legislativa de vanguardia, que discuta todos los temas, como son la pobreza, el empleo, la educaci\u00f3n, la salud, pero tambi\u00e9n el medio ambiente, el cambio clim\u00e1tico, el trabajar juntos con las mujeres y con los j\u00f3venes.<\/p>\n\n\n\n<p>En la vieja casona de Xicot\u00e9ncatl, acompa\u00f1ado por la Secretaria General del CEN, Carolina Viggiano, el dirigente nacional se\u00f1al\u00f3 que \u201choy necesitamos fortalecer a la Rep\u00fablica, y hoy, desde este lugar simb\u00f3lico, tenemos que convocar a la unidad nacional, a trabajar por nuestro pa\u00eds, a construir acuerdos y consensos con las distintas fuerzas pol\u00edticas que est\u00e1n representadas&nbsp; en el Congreso de la Uni\u00f3n\u201d.<\/p>\n\n\n\n<p>Alejandro Moreno consider\u00f3 que es preciso fortalecer el sistema democr\u00e1tico y representativo, as\u00ed como construir consensos pensando en M\u00e9xico, haciendo a un lado las diferencias ideol\u00f3gicas que se puedan tener.<\/p>\n\n\n\n<p>A su vez, Rub\u00e9n Moreira Valdez reconoci\u00f3 el sobresaliente desempe\u00f1o, entrega y compromiso de Cynthia L\u00f3pez Castro en la actual bancada priista. \u201cDefendiste tus convicciones y las manifestaste abiertamente y con valor. Con pasi\u00f3n y \u00e9tica ejerciste el servicio p\u00fablico y demostraste tu oficio como legisladora, destacando tu trabajo por impulsar mejoras a la educaci\u00f3n, la equidad de g\u00e9nero y la familia. Te espera una trayectoria m\u00e1s larga y est\u00e1s en la misma l\u00ednea de Mar\u00eda de los \u00c1ngeles Moreno y de Mar\u00eda Elena Chapa\u201d, asever\u00f3.<\/p>\n\n\n\n<p>Al presentar su Informe Legislativo 2018-2021, la diputada federal y Secretaria General del Organismo Nacional de Mujeres Priistas (ONMPRI) asever\u00f3 que la construcci\u00f3n de la Patria es un trabajo permanente, artesanal, y destac\u00f3 que, al t\u00e9rmino de la LXIV Legislatura, \u201cpodemos irnos viendo a la cara a los electores\u201d, porque fue una legislatura de lucha, muy&nbsp; complicada, y llam\u00f3 a seguir trabajando todos los d\u00edas, en beneficio de las familias mexicanas.<\/p>\n\n\n\n<p>En el evento, los coordinadores parlamentarios de Morena, Ignacio Mier Velazco; de los partidos Acci\u00f3n Nacional (PAN) y de la Revoluci\u00f3n Democr\u00e1tica (PRD), Juan Carlos Romero Hicks y Ver\u00f3nica Ju\u00e1rez Pi\u00f1a, as\u00ed como del Partido Encuentro Social (PES) y Movimiento Ciudadano, Jorge Arg\u00fcelles y Fabiola Loya Hern\u00e1ndez, destacaron las importantes aportaciones de la legisladora del PRI en iniciativas en materia de educaci\u00f3n superior, equidad de g\u00e9nero, y en la defensa de las mujeres en contra de la violencia.<\/p>\n\n\n\n<p>Al acto asistieron los dirigentes del PRI, PAN y PRD en la ciudad de M\u00e9xico: Israel Betanzos, Noria Arias y Andr\u00e9s Atayde; Ren\u00e9 Ju\u00e1rez Albarr\u00e1n, hijo del extinto Ren\u00e9 Ju\u00e1rez Cisneros; Gabriela Cuevas Barr\u00f3n, Presidenta de la Uni\u00f3n Interparlamentaria, as\u00ed como el alcalde de Cuauht\u00e9moc, N\u00e9stor N\u00fa\u00f1ez, y la alcaldesa electa de la misma demarcaci\u00f3n, Sandra Cuevas.<\/p>\n","protected":false},"excerpt":{"rendered":"<p>En la LXV Legislatura, desde el Partido Revolucionario Institucional (PRI) vamos a impulsar reformas a las leyes que pongan y den ritmo en el tema pol\u00edtico y social a nuestro pa\u00eds, que den celeridad y sustancia a la tragedia econ\u00f3mica que tenemos, y para defender las instituciones que todos los mexicanos hemos construido, afirm\u00f3 el [&hellip;]<\/p>\n","protected":false},"author":93,"featured_media":176616,"comment_status":"closed","ping_status":"closed","sticky":false,"template":"","format":"standard","meta":{"footnotes":""},"categories":[59],"tags":[],"class_list":["post-176614","post","type-post","status-publish","format-standard","has-post-thumbnail","hentry","category-general"],"_links":{"self":[{"href":"https:\/\/plazajuarez.mx\/historico\/wp-json\/wp\/v2\/posts\/176614","targetHints":{"allow":["GET"]}}],"collection":[{"href":"https:\/\/plazajuarez.mx\/historico\/wp-json\/wp\/v2\/posts"}],"about":[{"href":"https:\/\/plazajuarez.mx\/historico\/wp-json\/wp\/v2\/types\/post"}],"author":[{"embeddable":true,"href":"https:\/\/plazajuarez.mx\/historico\/wp-json\/wp\/v2\/users\/93"}],"replies":[{"embeddable":true,"href":"https:\/\/plazajuarez.mx\/historico\/wp-json\/wp\/v2\/comments?post=176614"}],"version-history":[{"count":0,"href":"https:\/\/plazajuarez.mx\/historico\/wp-json\/wp\/v2\/posts\/176614\/revisions"}],"wp:featuredmedia":[{"embeddable":true,"href":"https:\/\/plazajuarez.mx\/historico\/wp-json\/wp\/v2\/media\/176616"}],"wp:attachment":[{"href":"https:\/\/plazajuarez.mx\/historico\/wp-json\/wp\/v2\/media?parent=176614"}],"wp:term":[{"taxonomy":"category","embeddable":true,"href":"https:\/\/plazajuarez.mx\/historico\/wp-json\/wp\/v2\/categories?post=176614"},{"taxonomy":"post_tag","embeddable":true,"href":"https:\/\/plazajuarez.mx\/historico\/wp-json\/wp\/v2\/tags?post=176614"}],"curies":[{"name":"wp","href":"https:\/\/api.w.org\/{rel}","templated":true}]}}