{"id":176260,"date":"2021-08-10T10:30:30","date_gmt":"2021-08-10T15:30:30","guid":{"rendered":"https:\/\/plazajuarez.mx\/?p=176260"},"modified":"2021-08-10T10:30:53","modified_gmt":"2021-08-10T15:30:53","slug":"refuerzan-seguridad-con-690-policias-profesionalizados","status":"publish","type":"post","link":"https:\/\/plazajuarez.mx\/historico\/refuerzan-seguridad-con-690-policias-profesionalizados\/","title":{"rendered":"Refuerzan seguridad con 690 polic\u00edas profesionalizados"},"content":{"rendered":"\n<p class=\"wp-block-paragraph\">A lo largo de su administraci\u00f3n, el Gobierno de Omar Fayad suma 690 nuevos oficiales de Polic\u00eda formados profesional y acad\u00e9micamente, e incorporados a las fuerzas operativas de la Secretar\u00eda de Seguridad P\u00fablica de Hidalgo.<\/p>\n\n\n\n<p class=\"wp-block-paragraph\">Lo anterior, luego de que este lunes, con el firme compromiso de servir a la sociedad y protegerla contra la violencia y delincuencia, plasmado bajo juramento de cargo, la 14va generaci\u00f3n de cadetes del Instituto de Formaci\u00f3n Profesional de Hidalgo concluyera satisfactoriamente su preparaci\u00f3n educativa en materia de seguridad.<\/p>\n\n\n\n<p class=\"wp-block-paragraph\">En el encuentro, el secretario de Seguridad P\u00fablica en la entidad, Mauricio Delmar Saavedra, expres\u00f3 que la conclusi\u00f3n de esta etapa es motivo de orgullo. \u201cDurante 5 a\u00f1os, pese a la pandemia, hemos logrado dar formaci\u00f3n a 690 nuevos agentes que hoy sirven a la sociedad\u201d.<\/p>\n\n\n\n<p class=\"wp-block-paragraph\">\u201cSon cientos de personas con vocaci\u00f3n de servicio, con conocimientos especializados en seguridad p\u00fablica y con el anhelo de tener un mejor pa\u00eds y un mejor Hidalgo\u201d, destac\u00f3.<\/p>\n\n\n\n<p class=\"wp-block-paragraph\">En su oportunidad, Uriel Moreno Castro, comisario general de la Agencia de Seguridad Estatal, resalt\u00f3 que los refuerzos que emanan del Ejecutivo estatal son un refrendo del compromiso y profesionalismo que permiten seguir manteniendo la paz social en la entidad.<\/p>\n\n\n\n<p class=\"wp-block-paragraph\">Finalmente, conmin\u00f3 a quienes ahora est\u00e1n a su mando, a conducirse con integridad y respeto al uniforme para demostrar a la ciudadan\u00eda que integran una corporaci\u00f3n en la que se pueda confiar y les reconoci\u00f3 por tener una visi\u00f3n clara de servir al pr\u00f3jimo mediante la proximidad social.<\/p>\n","protected":false},"excerpt":{"rendered":"<p>A lo largo de su administraci\u00f3n, el Gobierno de Omar Fayad suma 690 nuevos oficiales de Polic\u00eda formados profesional y acad\u00e9micamente, e incorporados a las fuerzas operativas de la Secretar\u00eda de Seguridad P\u00fablica de Hidalgo. Lo anterior, luego de que este lunes, con el firme compromiso de servir a la sociedad y protegerla contra la [&hellip;]<\/p>\n","protected":false},"author":93,"featured_media":176261,"comment_status":"closed","ping_status":"closed","sticky":false,"template":"","format":"standard","meta":{"footnotes":""},"categories":[37],"tags":[],"class_list":["post-176260","post","type-post","status-publish","format-standard","has-post-thumbnail","hentry","category-barandilla"],"_links":{"self":[{"href":"https:\/\/plazajuarez.mx\/historico\/wp-json\/wp\/v2\/posts\/176260","targetHints":{"allow":["GET"]}}],"collection":[{"href":"https:\/\/plazajuarez.mx\/historico\/wp-json\/wp\/v2\/posts"}],"about":[{"href":"https:\/\/plazajuarez.mx\/historico\/wp-json\/wp\/v2\/types\/post"}],"author":[{"embeddable":true,"href":"https:\/\/plazajuarez.mx\/historico\/wp-json\/wp\/v2\/users\/93"}],"replies":[{"embeddable":true,"href":"https:\/\/plazajuarez.mx\/historico\/wp-json\/wp\/v2\/comments?post=176260"}],"version-history":[{"count":0,"href":"https:\/\/plazajuarez.mx\/historico\/wp-json\/wp\/v2\/posts\/176260\/revisions"}],"wp:featuredmedia":[{"embeddable":true,"href":"https:\/\/plazajuarez.mx\/historico\/wp-json\/wp\/v2\/media\/176261"}],"wp:attachment":[{"href":"https:\/\/plazajuarez.mx\/historico\/wp-json\/wp\/v2\/media?parent=176260"}],"wp:term":[{"taxonomy":"category","embeddable":true,"href":"https:\/\/plazajuarez.mx\/historico\/wp-json\/wp\/v2\/categories?post=176260"},{"taxonomy":"post_tag","embeddable":true,"href":"https:\/\/plazajuarez.mx\/historico\/wp-json\/wp\/v2\/tags?post=176260"}],"curies":[{"name":"wp","href":"https:\/\/api.w.org\/{rel}","templated":true}]}}