{"id":176254,"date":"2021-08-10T10:26:19","date_gmt":"2021-08-10T15:26:19","guid":{"rendered":"https:\/\/plazajuarez.mx\/?p=176254"},"modified":"2021-08-10T10:26:37","modified_gmt":"2021-08-10T15:26:37","slug":"nemesio-ruben-oseguera-del-cartel-cjng-amenaza-a-los-medios-de-comunicacion","status":"publish","type":"post","link":"https:\/\/plazajuarez.mx\/historico\/nemesio-ruben-oseguera-del-cartel-cjng-amenaza-a-los-medios-de-comunicacion\/","title":{"rendered":"Nemesio Rub\u00e9n Oseguera del c\u00e1rtel CJNG amenaza a los medios de comunicaci\u00f3n"},"content":{"rendered":"\n<p class=\"wp-block-paragraph\"><strong>&#8220;El Mencho&#8221;, se\u00f1ala &#8220;mis respetos para noticiarios que hacen valer la libertad de expresi\u00f3n&#8221;, pero exige &#8220;no protejan en sus noticias, sean parejos porque yo no estoy contra la libertad de expresi\u00f3n&#8221;<\/strong><\/p>\n\n\n\n<p class=\"wp-block-paragraph\">El C\u00e1rtel Jalisco Nueva Generaci\u00f3n (CJNG) amenaz\u00f3 a la periodista Azucena Uresti directamente, a El Universal y a otros medios de comunicaci\u00f3n por la cobertura que realizan en Michoac\u00e1n, en donde esa organizaci\u00f3n genera violencia en su disputa por el territorio con otro grupo armado.<\/p>\n\n\n\n<p class=\"wp-block-paragraph\">A trav\u00e9s de un video el c\u00e1rtel encabezado por Nemesio Rub\u00e9n Oseguera Cervantes, &#8220;El Mencho&#8221;, se\u00f1ala que &#8220;mis respetos para los noticiarios que hacen valer la libertad de expresi\u00f3n&#8221;, pero exige que &#8220;no protejan en sus noticias&#8221; y que &#8220;sean parejos porque yo no estoy en contra de la liberta de expresi\u00f3n&#8221;, respecto a sus rivales en Michoac\u00e1n.<\/p>\n\n\n\n<p class=\"wp-block-paragraph\">El video est\u00e1 &#8220;firmado&#8221; por Rub\u00e9n Oseguera Cervantes y acusa que a Juan Far\u00edas \u00c1lvarez, alias &#8220;El Abuelo Far\u00edas&#8221;, y a Hip\u00f3lito Mora de no ser autodefensas, sino extorsionadores y delincuentes.<\/p>\n\n\n\n<p class=\"wp-block-paragraph\">En el video se amenaza a la periodista Azucena Uresti directamente. &#8220;Azucena Uresti donde sea que est\u00e9s doy contigo y te har\u00e9 que te comas tus palabras aunque me acusen de feminicidio, porque no me conocen a m\u00ed, Rub\u00e9n Oseguera Cervantes, yo no soy cobracuotas ni extorsiono&#8221;.<\/p>\n\n\n\n<p class=\"wp-block-paragraph\">CJNG y la disputa por Tepalcatepec<\/p>\n\n\n\n<p class=\"wp-block-paragraph\">Los ataques del C\u00e1rtel Jalisco Nueva Generaci\u00f3n en el municipio de Tepalcatepec, Michoac\u00e1n, se han extendido a m\u00e1s puntos y ya son permanentes.<\/p>\n\n\n\n<p class=\"wp-block-paragraph\">Los embates del CJNG han dejado en esta zona de la Tierra Caliente, en menos de 24 horas, un muerto, y ocho lesionados, entre ellos un ni\u00f1o.<\/p>\n\n\n\n<p class=\"wp-block-paragraph\">Los pobladores, autodefensas y polic\u00edas municipales han repelido los ataques y contenido la irrupci\u00f3n de la organizaci\u00f3n criminal.<\/p>\n\n\n\n<p class=\"wp-block-paragraph\">De cuatro a seis puntos de manera simult\u00e1nea, son los blancos de las c\u00e9lulas al servicio de Nemesio Oseguera Cervantes &#8220;El Mencho&#8221;, en esa zona.<\/p>\n\n\n\n<p class=\"wp-block-paragraph\">Las comunidades de Los Cuchis, Pinolapa, La Bocanda, Ticuilucan, Tepalcatepec cabecera, entre otros, son los lugares por los que intentan irrumpir los grupos armados.<\/p>\n\n\n\n<p class=\"wp-block-paragraph\">Desde camionetas y veh\u00edculos blindados, as\u00ed como a pie, el CJNG perpetra decenas de ataques a diario, con fusiles de asalto y drones cargados con explosivos.<\/p>\n\n\n\n<p class=\"wp-block-paragraph\">Eso mantiene en alerta m\u00e1xima a los habitantes de este municipio ubicado a 182 kil\u00f3metros de la capital michoacana.<\/p>\n\n\n\n<p class=\"wp-block-paragraph\">Aunque llevan dos a\u00f1os pidiendo apoyo de las autoridades estatales y federales, los pobladores tienen que combatir al crimen organizado con recursos propios.<\/p>\n\n\n\n<p class=\"wp-block-paragraph\">A Tepalcatepec han llegado en apoyo, guardias comunitarios y autodefensas de otros municipios, para evitar una masacre, advierten.<\/p>\n\n\n\n<p class=\"wp-block-paragraph\"><strong>EXIGEN PROTECCI\u00d3N PARA LA PERIODISTA AZUCENA URESTI TRAS AMENAZAS<\/strong><\/p>\n\n\n\n<p class=\"wp-block-paragraph\">H\u00e9ctor de Maule\u00f3n, columnista de El Universal, expres\u00f3 su solidaridad con Uresti y pidi\u00f3 al presidente de M\u00e9xico que no deje pasar esta grave amenaza.<\/p>\n\n\n\n<p class=\"wp-block-paragraph\">&#8220;Aqu\u00ed no caben los discursos ni los abrazos. Debe usted garantizar a toda costa la seguridad y la libertad de expresi\u00f3n de esta periodista&#8221;, escribi\u00f3 De Maule\u00f3n en redes sociales.<\/p>\n\n\n\n<p class=\"wp-block-paragraph\">&#8220;Mi solidaridad con Azucena Uresti, quien ha recibido amenazas de muerte directas y p\u00fablicas, difundidas en redes sociales. Ya han sido hechas del conocimiento del Presidente L\u00f3pez Obrador. Por lo delicado del tema \u00e9l mismo debe hacerse responsable de su seguridad y de lo que pase&#8221;, refiri\u00f3 el expresidente Felipe Calder\u00f3n.<\/p>\n\n\n\n<p class=\"wp-block-paragraph\">&#8220;Esto es inaceptable: \u00bfqu\u00e9 har\u00e1 el gobierno?&#8221;, agreg\u00f3 el expresidente.<\/p>\n\n\n\n<p class=\"wp-block-paragraph\">&#8220;Solidaridad absoluta con Azucena Uresti y su equipo. Protecci\u00f3n, cuidado y respeto a la libertad de expresi\u00f3n&#8221;, escribi\u00f3 Carlos Loret de Mola, tambi\u00e9n columnista de El Universal.<\/p>\n\n\n\n<p class=\"wp-block-paragraph\">&#8220;Solicito al presidente L\u00f3pez Obrador que ordene protecci\u00f3n inmediata para la periodista Azucena Uresti ante amenaza de muerte de parte del crimen organizado&#8221;, exigi\u00f3 la senadora Lilly T\u00e9llez.<\/p>\n\n\n\n<p class=\"wp-block-paragraph\">Ra\u00fal Trejo Delarbre, investigador en temas de Ciencias Sociales y experto en medios, calific\u00f3 de &#8220;grav\u00edsima, inaceptable e insoslayable&#8221; la amenaza contra Azucena Uresti.<\/p>\n\n\n\n<p class=\"wp-block-paragraph\">&#8220;Expreso toda mi solidaridad con Azucena Uresti, esperando que las autoridades correspondientes hagan lo que toca para resguardar su integridad y as\u00ed, la libertad de expresi\u00f3n de las y los periodistas mexicanos&#8221;, refiri\u00f3 la conductora de noticias M\u00f3nica Garza.<\/p>\n\n\n\n<p class=\"wp-block-paragraph\">&#8220;Mi apoyo y solidaridad es para Azucena Uresti porque ha dado m\u00e1s pruebas de su integridad y profesionalismo que su acusador. Por mucho&#8221;, escribi\u00f3 el periodista Alberto Tavira, director de Cuna de Grillos.<\/p>\n\n\n\n<p class=\"wp-block-paragraph\">Otros que expresaron su solidaridad fueron el exsenador Javier Lozano, las periodistas Lourdes Mendoza, Ana Francisca Vega, Ana Paula Ordorica, Fernanda Familiar, Gabriela Warketin y Laura S\u00e1nchez Ley, as\u00ed como los medios Sopitas y Publimetro.<\/p>\n","protected":false},"excerpt":{"rendered":"<p>&#8220;El Mencho&#8221;, se\u00f1ala &#8220;mis respetos para noticiarios que hacen valer la libertad de expresi\u00f3n&#8221;, pero exige &#8220;no protejan en sus noticias, sean parejos porque yo no estoy contra la libertad de expresi\u00f3n&#8221; El C\u00e1rtel Jalisco Nueva Generaci\u00f3n (CJNG) amenaz\u00f3 a la periodista Azucena Uresti directamente, a El Universal y a otros medios de comunicaci\u00f3n por [&hellip;]<\/p>\n","protected":false},"author":81,"featured_media":176255,"comment_status":"closed","ping_status":"closed","sticky":false,"template":"","format":"standard","meta":{"footnotes":""},"categories":[37],"tags":[],"class_list":["post-176254","post","type-post","status-publish","format-standard","has-post-thumbnail","hentry","category-barandilla"],"_links":{"self":[{"href":"https:\/\/plazajuarez.mx\/historico\/wp-json\/wp\/v2\/posts\/176254","targetHints":{"allow":["GET"]}}],"collection":[{"href":"https:\/\/plazajuarez.mx\/historico\/wp-json\/wp\/v2\/posts"}],"about":[{"href":"https:\/\/plazajuarez.mx\/historico\/wp-json\/wp\/v2\/types\/post"}],"author":[{"embeddable":true,"href":"https:\/\/plazajuarez.mx\/historico\/wp-json\/wp\/v2\/users\/81"}],"replies":[{"embeddable":true,"href":"https:\/\/plazajuarez.mx\/historico\/wp-json\/wp\/v2\/comments?post=176254"}],"version-history":[{"count":0,"href":"https:\/\/plazajuarez.mx\/historico\/wp-json\/wp\/v2\/posts\/176254\/revisions"}],"wp:featuredmedia":[{"embeddable":true,"href":"https:\/\/plazajuarez.mx\/historico\/wp-json\/wp\/v2\/media\/176255"}],"wp:attachment":[{"href":"https:\/\/plazajuarez.mx\/historico\/wp-json\/wp\/v2\/media?parent=176254"}],"wp:term":[{"taxonomy":"category","embeddable":true,"href":"https:\/\/plazajuarez.mx\/historico\/wp-json\/wp\/v2\/categories?post=176254"},{"taxonomy":"post_tag","embeddable":true,"href":"https:\/\/plazajuarez.mx\/historico\/wp-json\/wp\/v2\/tags?post=176254"}],"curies":[{"name":"wp","href":"https:\/\/api.w.org\/{rel}","templated":true}]}}