{"id":1757,"date":"2015-03-05T06:00:00","date_gmt":"2015-03-05T06:00:00","guid":{"rendered":"http:\/\/plazajuarez.mx\/index\/index.php\/2015\/03\/05\/hidalgo-se-incorporara-por-completo-al-nsjp\/"},"modified":"2015-03-05T06:00:00","modified_gmt":"2015-03-05T06:00:00","slug":"hidalgo-se-incorporara-por-completo-al-nsjp","status":"publish","type":"post","link":"https:\/\/plazajuarez.mx\/historico\/hidalgo-se-incorporara-por-completo-al-nsjp\/","title":{"rendered":"Hidalgo se incorporar\u00e1\u00a0 por completo al NSJP"},"content":{"rendered":"<p>ESTE A\u00d1O<\/p>\n<ul>\n<li>La pr\u00f3xima semana se har\u00e1 la declaratoria del nuevo sistema en Tula<\/li>\n<li>Entrar\u00e1 en vigor en Mayo, anunci\u00f3 el titular del TSJ, Juan Manuel Menes <!--more--> \u00a0<\/li>\n<\/ul>\n<p>En conferencia de prensa para dar a conocer diversos avances y nuevas herramientas que se tendr\u00e1n en el Poder Judicial, el titular de Tribunal Superior de Justicia (TSJ)\u00a0 en Hidalgo, Juan Manuel Menes Llaguno, asever\u00f3 que este a\u00f1o la entidad se incorporar\u00e1 por completo al Nuevo Sistema de Justicia Penal.<\/p>\n<p>\u00a0<\/p>\n<p>Lo anterior, al tiempo en que anunci\u00f3 que la pr\u00f3xima semana el Congreso del Estado recibir\u00e1 la solicitud para hacer la declaratoria de la entrada en vigor del nuevo Sistema de Justicia Penal en el circuito judicial de Tula, por lo que se prev\u00e9 que comience a operar en el mes de mayo, 60 d\u00edas despu\u00e9s de su declaratoria.<\/p>\n<p>\u00a0<\/p>\n<p>Igualmente anunci\u00f3 que en abril, dos Juzgados de Especificidad Mercantil iniciar\u00e1n funciones en el distrito judicial de Pachuca, para ello el pr\u00f3ximo viernes 13 de marzo dar\u00e1 inicio un proceso de selecci\u00f3n, donde los interesados se someter\u00e1n a un curso de formaci\u00f3n para elegir a los m\u00e1s aptos que integraran este \u00f3rgano jurisdiccional. Dichos trabajos tendr\u00e1n el objetivo de\u00a0 reducir tiempos en los asuntos de dicha materia y con ello atraer inversionistas.<\/p>\n<p>\u00a0<\/p>\n<p>Menes Llaguno precis\u00f3 que estas acciones se suman al Plan Estatal de Desarrollo de la entidad para ofrecer una mayor certeza jur\u00eddica a inversiones nacionales y extrajeras que se establezcan en la entidad.<\/p>\n<p>\u00a0<\/p>\n<p>En esta misma conferencia de prensa, el titular el TSJ tambi\u00e9n anunci\u00f3 que en el mes de abril tambi\u00e9n entra en funcionamiento la Central de Actuarios, con la cual jueces y juezas podr\u00e1n conocer la ubicaci\u00f3n real de los notificadotes mediante un GPS que les ser\u00e1 colocado.<\/p>\n<p>\u00a0<\/p>\n<p>Detall\u00f3 que con el GPS se busca determinar territorios en el trabajo de los actuarios, ya que actualmente durante un d\u00eda pueden acudir tanto al norte, sur, oriente y poniente de la ciudad.<\/p>\n<p>\u00a0<\/p>\n<p>En otras acciones, tambi\u00e9n inform\u00f3 que se llevar\u00e1 a cabo la resignaci\u00f3n de los\u00a0 seis juzgados civiles, dos ser\u00e1n dedicados a los asuntos estrictamente mercantiles, y cuatro a los asuntos civiles, mismos que actualmente operan juntos.<\/p>\n<p>\u00a0<\/p>\n<p>Por \u00faltimo, cabe mencionar que durante esta conferencia, Juan Manuel Menes dio a conocer las estad\u00edsticas judiciales de primera instancia, coloc\u00e1ndose en primer lugar la materia familiar, con un 40 por ciento del total; le sigue la materia civil, mercantil y justicia para adolescentes.<\/p>\n<p>\u00a0<\/p>\n<p>Mientras que respecto al nuevo sistema \u00a0en Pachuca comunic\u00f3 que se tienen 14 audiencias in\u00edciales completas, cinco radicaciones de medidas de protecci\u00f3n, cuatro \u00f3rdenes de aprehensi\u00f3n, dos \u00f3rdenes de cateo, dos audiencias de un mismo asunto de acuerdo reparatorio, una suspensi\u00f3n provisional del proceso a prueba, una revisi\u00f3n de medidas cautelares de prisi\u00f3n preventiva y se han realizado 29 audiencias en las salas de oralidad.<\/p>\n","protected":false},"excerpt":{"rendered":"<p>ESTE A\u00d1O La pr\u00f3xima semana se har\u00e1 la declaratoria del nuevo sistema en Tula Entrar\u00e1 en vigor en Mayo, anunci\u00f3 el titular del TSJ, Juan Manuel Menes<\/p>\n","protected":false},"author":93,"featured_media":0,"comment_status":"open","ping_status":"open","sticky":false,"template":"","format":"standard","meta":{"footnotes":""},"categories":[59],"tags":[],"class_list":["post-1757","post","type-post","status-publish","format-standard","hentry","category-general"],"_links":{"self":[{"href":"https:\/\/plazajuarez.mx\/historico\/wp-json\/wp\/v2\/posts\/1757","targetHints":{"allow":["GET"]}}],"collection":[{"href":"https:\/\/plazajuarez.mx\/historico\/wp-json\/wp\/v2\/posts"}],"about":[{"href":"https:\/\/plazajuarez.mx\/historico\/wp-json\/wp\/v2\/types\/post"}],"author":[{"embeddable":true,"href":"https:\/\/plazajuarez.mx\/historico\/wp-json\/wp\/v2\/users\/93"}],"replies":[{"embeddable":true,"href":"https:\/\/plazajuarez.mx\/historico\/wp-json\/wp\/v2\/comments?post=1757"}],"version-history":[{"count":0,"href":"https:\/\/plazajuarez.mx\/historico\/wp-json\/wp\/v2\/posts\/1757\/revisions"}],"wp:attachment":[{"href":"https:\/\/plazajuarez.mx\/historico\/wp-json\/wp\/v2\/media?parent=1757"}],"wp:term":[{"taxonomy":"category","embeddable":true,"href":"https:\/\/plazajuarez.mx\/historico\/wp-json\/wp\/v2\/categories?post=1757"},{"taxonomy":"post_tag","embeddable":true,"href":"https:\/\/plazajuarez.mx\/historico\/wp-json\/wp\/v2\/tags?post=1757"}],"curies":[{"name":"wp","href":"https:\/\/api.w.org\/{rel}","templated":true}]}}