{"id":175515,"date":"2021-08-05T19:38:31","date_gmt":"2021-08-06T00:38:31","guid":{"rendered":"https:\/\/plazajuarez.mx\/?p=175515"},"modified":"2021-08-05T19:38:44","modified_gmt":"2021-08-06T00:38:44","slug":"thalia_","status":"publish","type":"post","link":"https:\/\/plazajuarez.mx\/historico\/thalia_\/","title":{"rendered":"Acusan a Thal\u00eda de mutilar a su perra"},"content":{"rendered":"\n<p>La cantante mexicana<a href=\"https:\/\/twitter.com\/thalia?ref_src=twsrc%5Egoogle%7Ctwcamp%5Eserp%7Ctwgr%5Eauthor\"> Thal\u00eda<\/a> fue criticada por sus seguidores en redes sociales por haberle cortado las orejas a su perra &#8220;Francesca&#8221;.<\/p>\n\n\n\n<p>La tambi\u00e9n actriz, recordada por su trilog\u00eda de telenovelas de Mar\u00eda Mercedes, Marimar y Mar\u00eda la del Barrio, comparti\u00f3 una imagen en la que abraza y besa a su &#8220;canhija&#8221;.<\/p>\n\n\n\n<p>Con un vestido naranja y unos anillos llamativos, Thal\u00eda mostr\u00f3 a &#8220;Francesca&#8221;, quien llam\u00f3 la atenci\u00f3n de los seguidores por traer parches en las orejas, lo que denota que se las cortaron.<\/p>\n\n\n\n<p>&#8220;Francesca&#8221; es una dobermann, perros a los que por su raza se les estiliza al cortar sus orejas y rabo. A pesar de esa costumbre, asociaciones de bienestar animal han abogado porque esa costumbre se erradique, pues s\u00f3lo es una cuesti\u00f3n de est\u00e9tica que causa dolor a los perros.<\/p>\n","protected":false},"excerpt":{"rendered":"<p>La cantante mexicana Thal\u00eda fue criticada por sus seguidores en redes sociales por haberle cortado las orejas a su perra &#8220;Francesca&#8221;. La tambi\u00e9n actriz, recordada por su trilog\u00eda de telenovelas de Mar\u00eda Mercedes, Marimar y Mar\u00eda la del Barrio, comparti\u00f3 una imagen en la que abraza y besa a su &#8220;canhija&#8221;. Con un vestido naranja [&hellip;]<\/p>\n","protected":false},"author":81,"featured_media":175516,"comment_status":"closed","ping_status":"closed","sticky":false,"template":"","format":"standard","meta":{"footnotes":""},"categories":[38],"tags":[],"class_list":["post-175515","post","type-post","status-publish","format-standard","has-post-thumbnail","hentry","category-show"],"_links":{"self":[{"href":"https:\/\/plazajuarez.mx\/historico\/wp-json\/wp\/v2\/posts\/175515","targetHints":{"allow":["GET"]}}],"collection":[{"href":"https:\/\/plazajuarez.mx\/historico\/wp-json\/wp\/v2\/posts"}],"about":[{"href":"https:\/\/plazajuarez.mx\/historico\/wp-json\/wp\/v2\/types\/post"}],"author":[{"embeddable":true,"href":"https:\/\/plazajuarez.mx\/historico\/wp-json\/wp\/v2\/users\/81"}],"replies":[{"embeddable":true,"href":"https:\/\/plazajuarez.mx\/historico\/wp-json\/wp\/v2\/comments?post=175515"}],"version-history":[{"count":0,"href":"https:\/\/plazajuarez.mx\/historico\/wp-json\/wp\/v2\/posts\/175515\/revisions"}],"wp:featuredmedia":[{"embeddable":true,"href":"https:\/\/plazajuarez.mx\/historico\/wp-json\/wp\/v2\/media\/175516"}],"wp:attachment":[{"href":"https:\/\/plazajuarez.mx\/historico\/wp-json\/wp\/v2\/media?parent=175515"}],"wp:term":[{"taxonomy":"category","embeddable":true,"href":"https:\/\/plazajuarez.mx\/historico\/wp-json\/wp\/v2\/categories?post=175515"},{"taxonomy":"post_tag","embeddable":true,"href":"https:\/\/plazajuarez.mx\/historico\/wp-json\/wp\/v2\/tags?post=175515"}],"curies":[{"name":"wp","href":"https:\/\/api.w.org\/{rel}","templated":true}]}}