{"id":175512,"date":"2021-08-05T18:58:55","date_gmt":"2021-08-05T23:58:55","guid":{"rendered":"https:\/\/plazajuarez.mx\/?p=175512"},"modified":"2021-08-05T19:08:17","modified_gmt":"2021-08-06T00:08:17","slug":"feministas_hidalguenses","status":"publish","type":"post","link":"https:\/\/plazajuarez.mx\/historico\/feministas_hidalguenses\/","title":{"rendered":"Feministas hidalguenses se pronuncian ante acci\u00f3n de inconstitucionalidad"},"content":{"rendered":"\n<p>De manera virtual Feministas hidalguenses emitieron un posicionamiento respecto a\u00a0 la solicitud de acci\u00f3n de inconstitucionalidad promovida por el grupo parlamentario del PRI, PAN y Diputada Independiente (Areli Rub\u00ed) sobre la Ley de la Despenalizaci\u00f3n del aborto en Hidalgo en la Suprema Corte de Justicia de la Naci\u00f3n.\u00a0<\/p>\n\n\n\n<p>Mediante la p\u00e1gina de facebook, Carmen Rinc\u00f3n y Otilia Sanchez; fundadoras del grupo Cihuatl y del Conversatorio de Mujeres de Hidalgo; Bertha Miranda; coordinadora en Hidalgo de la Red por los Derechos Sexuales y Reproductivos; Adriana Patl\u00e1n; Equidad de G\u00e9nero AC; y Carmen Campos y Martha Canseco de Proyecto de televisi\u00f3n independiente A.C, puntualizaron que mientras se da este proceso, la Interrupci\u00f3n Legal del Embarazo (<a href=\"http:\/\/ile.salud.cdmx.gob.mx\/\">ILE<\/a>) hasta la semana n\u00famero 12, seguir\u00e1 llev\u00e1ndose a cabo.<\/p>\n\n\n\n<p>Bertha Miranda, expres\u00f3 su rechazo y repudio a estos grupos parlamentarios por evitar la progresividad y cuestion\u00f3 que \u201cdiputadas que abanderaron de inicio la iniciativa para la despenalizacion del aborto, como la diputada Areli Rubi\u201d respalden y promuevan esta acci\u00f3n; igualmente cuestion\u00f3 el actuar de las diputadas Maika, Maria Luisa y Jajaira.&nbsp;<\/p>\n\n\n\n<p>Dijo que con el tema de las mujeres no se juega, por lo que los exhort\u00f3 a ser congruentes, sobre todo a quienes se dicen aliadas y aliados. Respecto a que la diputada&nbsp; Mar\u00eda Luisa y el diputado Julio Valera no firmaron ninguna solicitud, expres\u00f3 que ellos debieron solicitar se quitara sus nombres de la petici\u00f3n para evitar malentendidos y claridad, pues para que proceda se necesita el 33 por ciento de los legisladores, que en este caso ser\u00edan 10, y sin esas firmas, solo quedar\u00edan nueve, asever\u00f3 Miranda.&nbsp;<\/p>\n\n\n\n<p><strong>DESDE LA DESPENALIZACI\u00d3N <\/strong><strong><br><\/strong><\/p>\n\n\n\n<p>Adriana Patl\u00e1n, mencion\u00f3 que a partir de la despenalizaci\u00f3n tuvieron reuniones con el procurador para cerrar las carpetas de investigaci\u00f3n que estaban abiertas respecto a este tema. A su vez tuvieron reuniones con la Comisi\u00f3n de Derechos Humanos del Estado de Hidalgo donde se acord\u00f3 difundir la ley y colaborar para que la informaci\u00f3n llegue a todos lados.&nbsp;<\/p>\n\n\n\n<p>Detall\u00f3 que desde la despenalizaci\u00f3n han dado acompa\u00f1amiento a 10 casos de aborto electivo, y que en los hospitales se han atendido 25 casos, incluso a mujeres de otros estados: una de Guanajuato y otra de Veracruz. Adem\u00e1s \u201ccinco mujeres han preferido utilizar medicamentos a partir del acompa\u00f1amiento que se hace y se ha hecho la interrupci\u00f3n a partir de la semana 14 por la causal violaci\u00f3n que se quit\u00f3 temporalidad\u201d dijo&nbsp; Patl\u00e1n.&nbsp;<\/p>\n","protected":false},"excerpt":{"rendered":"<p>De manera virtual Feministas hidalguenses emitieron un posicionamiento respecto a\u00a0 la solicitud de acci\u00f3n de inconstitucionalidad promovida por el grupo parlamentario del PRI, PAN y Diputada Independiente (Areli Rub\u00ed) sobre la Ley de la Despenalizaci\u00f3n del aborto en Hidalgo en la Suprema Corte de Justicia de la Naci\u00f3n.\u00a0 Mediante la p\u00e1gina de facebook, Carmen Rinc\u00f3n [&hellip;]<\/p>\n","protected":false},"author":101,"featured_media":175514,"comment_status":"closed","ping_status":"closed","sticky":false,"template":"","format":"standard","meta":{"footnotes":""},"categories":[15,59],"tags":[],"class_list":["post-175512","post","type-post","status-publish","format-standard","has-post-thumbnail","hentry","category-destacadas","category-general"],"_links":{"self":[{"href":"https:\/\/plazajuarez.mx\/historico\/wp-json\/wp\/v2\/posts\/175512","targetHints":{"allow":["GET"]}}],"collection":[{"href":"https:\/\/plazajuarez.mx\/historico\/wp-json\/wp\/v2\/posts"}],"about":[{"href":"https:\/\/plazajuarez.mx\/historico\/wp-json\/wp\/v2\/types\/post"}],"author":[{"embeddable":true,"href":"https:\/\/plazajuarez.mx\/historico\/wp-json\/wp\/v2\/users\/101"}],"replies":[{"embeddable":true,"href":"https:\/\/plazajuarez.mx\/historico\/wp-json\/wp\/v2\/comments?post=175512"}],"version-history":[{"count":0,"href":"https:\/\/plazajuarez.mx\/historico\/wp-json\/wp\/v2\/posts\/175512\/revisions"}],"wp:featuredmedia":[{"embeddable":true,"href":"https:\/\/plazajuarez.mx\/historico\/wp-json\/wp\/v2\/media\/175514"}],"wp:attachment":[{"href":"https:\/\/plazajuarez.mx\/historico\/wp-json\/wp\/v2\/media?parent=175512"}],"wp:term":[{"taxonomy":"category","embeddable":true,"href":"https:\/\/plazajuarez.mx\/historico\/wp-json\/wp\/v2\/categories?post=175512"},{"taxonomy":"post_tag","embeddable":true,"href":"https:\/\/plazajuarez.mx\/historico\/wp-json\/wp\/v2\/tags?post=175512"}],"curies":[{"name":"wp","href":"https:\/\/api.w.org\/{rel}","templated":true}]}}