{"id":175509,"date":"2021-08-05T18:25:51","date_gmt":"2021-08-05T23:25:51","guid":{"rendered":"https:\/\/plazajuarez.mx\/?p=175509"},"modified":"2021-08-05T18:26:01","modified_gmt":"2021-08-05T23:26:01","slug":"retorno_clases","status":"publish","type":"post","link":"https:\/\/plazajuarez.mx\/historico\/retorno_clases\/","title":{"rendered":"Impostergable, retorno a clases presenciales, advierte Segob"},"content":{"rendered":"\n<p>La titular de la Secretar\u00eda de Gobernaci\u00f3n (<a href=\"https:\/\/www.gob.mx\/segob\">Segob<\/a>), <a href=\"https:\/\/twitter.com\/M_OlgaSCordero?ref_src=twsrc%5Egoogle%7Ctwcamp%5Eserp%7Ctwgr%5Eauthor\">Olga S\u00e1nchez Cordero<\/a>, advirti\u00f3 que es impostergable el retorno voluntario de los estudiantes a las escuelas, pues se requiere asumir el doble reto de atajar la pandemia de Covid-19 &#8220;y al mismo tiempo, permitir el regreso estrat\u00e9gico a las actividades educativas presenciales y tambi\u00e9n a las econ\u00f3micas con todas las medidas de seguridad pertinentes, desde luego, pero tambi\u00e9n previniendo los contagios&#8221;.<\/p>\n\n\n\n<p>Al encabezar una reuni\u00f3n virtual con los gobernadores y la jefa de gobierno, la titular de la Segob sostuvo que toda crisis conlleva oportunidades. Explic\u00f3 que la decisi\u00f3n del gobierno federal de retomar las clases presenciales tiene que ver tambi\u00e9n con el hecho de que la pandemia ha transformado las din\u00e1micas sociales, adem\u00e1s de que se pretende apoyar a los padres y madres de familia, que han sacrificado mucho durante el confinamiento.<\/p>\n\n\n\n<p>&#8220;No se puede pasar por alto que la pandemia tambi\u00e9n ha tenido fuertes impactos en el \u00e1mbito familiar, especialmente en el caso de madres y padres de familia, quienes han tenido que sacrificar muchas cuestiones, muchas cosas para apoyar a sus hijos en casa, en donde destaco que la mayor\u00eda son mujeres&#8221;. De ah\u00ed, subray\u00f3, la importancia que tiene la creaci\u00f3n de una &#8220;ley del sistema de cuidados&#8221;.<\/p>\n\n\n\n<p>Subray\u00f3 que ahora es importante avanzar &#8220;con decisi\u00f3n&#8221; en aspectos cotidianos que son indispensables para el bienestar integral de la sociedad. En este sentido, remarc\u00f3 que como gobierno, en el orden federal, estatal y municipal, &#8220;es importante demostrar nuestra uni\u00f3n y solidez para enfrentar esta nueva ola como un frente s\u00f3lido&#8221;.<\/p>\n\n\n\n<p>Por otra parte, S\u00e1nchez Cordero reafirm\u00f3 la importancia de continuar las reuniones de trabajo peri\u00f3dicas con los mandatarios estatales, a fin de dar seguimiento a los temas alrededor de la pandemia en el pa\u00eds.<\/p>\n\n\n\n<p>&#8220;Estas sesiones \u2013siempre estoy convencida\u2013 que son un ejercicio republicano y federalista permanente que nos ha permitido compartir el desarrollo de estrategias eficaces mediante el entendimiento y, sobre todo, la inclusi\u00f3n de todas las opiniones, logrando generar sinergias para afrontar esta enfermedad y muchos otros temas m\u00e1s de la mejor manera posible en todo el pa\u00eds. Y as\u00ed lo seguiremos haciendo&#8221;, manifest\u00f3.<\/p>\n\n\n\n<p>En la sesi\u00f3n a distancia participaron los secretarios de Educaci\u00f3n P\u00fablica, Delfina G\u00f3mez, quien se refiri\u00f3 a las acciones y medidas en torno al retorno a clases presencial en las entidades; Turismo, Miguel Torruco, quien habl\u00f3 de la reactivaci\u00f3n de las actividades tur\u00edsticas en el pa\u00eds, y el subsecretario de Prevenci\u00f3n y Promoci\u00f3n de la Salud de la Secretar\u00eda de Salud, Hugo L\u00f3pez-Gatell, que dio el panorama actual frente a la tercera ola por la pandemia de Covid-19.<\/p>\n\n\n\n<p>Tambi\u00e9n estuvieron presentes las secretarias de Econom\u00eda, Tatiana Clouthier, y del Trabajo, Luisa Mar\u00eda Alcalde.<\/p>\n\n\n\n<p>Por parte de los gobernadores, se conectaron los de Sonora, Claudia Pavlovich; Aguascalientes, Mart\u00edn Orozco; Baja California Sur, Carlos Mendoza; Chiapas, Rutilio Cruz Escand\u00f3n; Durango, Jos\u00e9 Rosas Aispuro; Estado de M\u00e9xico, Alfredo del Mazo; Guanajuato, Diego Sinhu\u00e9 Rodr\u00edguez; Guerrero, H\u00e9ctor Astudillo; Hidalgo, Omar Fayad; Morelos, Cuauht\u00e9moc Blanco; Nuevo Le\u00f3n, Jaime Rodr\u00edguez; Quer\u00e9taro, Francisco Dom\u00ednguez; Quintana Roo, Carlos Manuel Joaqu\u00edn; San Luis Potos\u00ed, Juan Manuel Carreras; Tabasco, Ad\u00e1n Augusto L\u00f3pez; Tlaxcala, Marco Antonio Mena; Veracruz, Cuitl\u00e1huac Garc\u00eda; y Zacatecas, Alejandro Tello.<\/p>\n\n\n\n<p><\/p>\n","protected":false},"excerpt":{"rendered":"<p>La titular de la Secretar\u00eda de Gobernaci\u00f3n (Segob), Olga S\u00e1nchez Cordero, advirti\u00f3 que es impostergable el retorno voluntario de los estudiantes a las escuelas, pues se requiere asumir el doble reto de atajar la pandemia de Covid-19 &#8220;y al mismo tiempo, permitir el regreso estrat\u00e9gico a las actividades educativas presenciales y tambi\u00e9n a las econ\u00f3micas [&hellip;]<\/p>\n","protected":false},"author":81,"featured_media":163345,"comment_status":"closed","ping_status":"closed","sticky":false,"template":"","format":"standard","meta":{"footnotes":""},"categories":[36],"tags":[],"class_list":["post-175509","post","type-post","status-publish","format-standard","has-post-thumbnail","hentry","category-nacion"],"_links":{"self":[{"href":"https:\/\/plazajuarez.mx\/historico\/wp-json\/wp\/v2\/posts\/175509","targetHints":{"allow":["GET"]}}],"collection":[{"href":"https:\/\/plazajuarez.mx\/historico\/wp-json\/wp\/v2\/posts"}],"about":[{"href":"https:\/\/plazajuarez.mx\/historico\/wp-json\/wp\/v2\/types\/post"}],"author":[{"embeddable":true,"href":"https:\/\/plazajuarez.mx\/historico\/wp-json\/wp\/v2\/users\/81"}],"replies":[{"embeddable":true,"href":"https:\/\/plazajuarez.mx\/historico\/wp-json\/wp\/v2\/comments?post=175509"}],"version-history":[{"count":0,"href":"https:\/\/plazajuarez.mx\/historico\/wp-json\/wp\/v2\/posts\/175509\/revisions"}],"wp:featuredmedia":[{"embeddable":true,"href":"https:\/\/plazajuarez.mx\/historico\/wp-json\/wp\/v2\/media\/163345"}],"wp:attachment":[{"href":"https:\/\/plazajuarez.mx\/historico\/wp-json\/wp\/v2\/media?parent=175509"}],"wp:term":[{"taxonomy":"category","embeddable":true,"href":"https:\/\/plazajuarez.mx\/historico\/wp-json\/wp\/v2\/categories?post=175509"},{"taxonomy":"post_tag","embeddable":true,"href":"https:\/\/plazajuarez.mx\/historico\/wp-json\/wp\/v2\/tags?post=175509"}],"curies":[{"name":"wp","href":"https:\/\/api.w.org\/{rel}","templated":true}]}}