{"id":175507,"date":"2021-08-05T18:36:55","date_gmt":"2021-08-05T23:36:55","guid":{"rendered":"https:\/\/plazajuarez.mx\/?p=175507"},"modified":"2021-08-05T18:49:19","modified_gmt":"2021-08-05T23:49:19","slug":"osorio_chong","status":"publish","type":"post","link":"https:\/\/plazajuarez.mx\/historico\/osorio_chong\/","title":{"rendered":"Rechaza Osorio Chong que renuncien todos los magistrados del TEPJF"},"content":{"rendered":"\n<p>Tras la destituci\u00f3n de Jos\u00e9 Luis Vargas Valdez como presidente del Tribunal Electoral del Poder Judicial de la Federaci\u00f3n (TEPJF), el coordinador del PRI en el Senado de la Rep\u00fablica, <a href=\"https:\/\/twitter.com\/osoriochong?ref_src=twsrc%5Egoogle%7Ctwcamp%5Eserp%7Ctwgr%5Eauthor\">Miguel \u00c1ngel Osorio Chong,<\/a> rechaz\u00f3 la posibilidad de que renuncien todos los ministros de la Sala Superior, como lo sugiri\u00f3 el presidente Andr\u00e9s Manuel L\u00f3pez Obrador.<\/p>\n\n\n\n<p>En entrevista, el exsecretario de Gobernaci\u00f3n alert\u00f3 que existe un riesgo &#8220;enorme&#8221; de que el Ejecutivo pretenda apoderarse del TEPJF, pues Morena tiene mayor\u00eda en ambas c\u00e1maras, por lo que llam\u00f3 a cuidar nuestras instituciones y advirti\u00f3 que no se debe permitir que se atropelle su autonom\u00eda.<\/p>\n\n\n\n<p>&#8220;Por eso se hicieron de manera escalonada los nombramientos, tuvieron su raz\u00f3n de ser para que no un solo gobierno, en una sola \u00e9poca, pudiera hacer con su mayor\u00eda nombramientos al por mayor a su gusto. As\u00ed debemos de seguir trabajando, (los magistrados) deben cumplir sus periodos y tienen que ir present\u00e1ndose buenos perfiles para cuando se den las vacantes respectivas. Por supuesto que yo no pensar\u00eda de ninguna manera en la remoci\u00f3n o el cambio total de los integrantes del Trife&#8221;, enfatiz\u00f3.<\/p>\n\n\n\n<p>Reconoci\u00f3 que es necesario revisar qu\u00e9 fallas hay en la estructura y funcionamiento del Tribunal para corregirlas, pero de ninguna manera desaparecer lo que hemos construido, quitar a todos sus integrantes ni partir de cero.<\/p>\n\n\n\n<p>&#8220;Yo solamente les digo que no parto de cero, que hay que cuidar las instituciones que tenemos. Y si hay que hacer algunas modificaciones para su fortalecimiento y para su transparencia estoy de acuerdo y estaremos apoyando&#8221;, expres\u00f3.<\/p>\n\n\n\n<p>Osorio Chong reconoci\u00f3 que hay que analizar la v\u00eda institucional para que los magistrados del m\u00e1ximo tribunal electoral rindan cuentas y trabajen con plena transparencia para evitar que en el futuro se presenten crisis como la actual, pero subray\u00f3 que cualquier reforma debe hacerse con pleno respeto a la autonom\u00eda del organismo.<\/p>\n\n\n\n<p>&#8220;No podemos normalizar estos eventos, estas controversias, y ellos deben estar dedicados a trabajar para hacer respetar el voto de los ciudadanos. Entonces eso es lo que hay que revisar y ver si es necesaria alguna modificaci\u00f3n para ver a qui\u00e9n rinden cuentas, de qu\u00e9 manera lo hacen, pero sin dependencia, porque si no entonces volveremos al c\u00edrculo vicioso&#8221;, afirm\u00f3 el senador Osorio Chong.<\/p>\n","protected":false},"excerpt":{"rendered":"<p>Tras la destituci\u00f3n de Jos\u00e9 Luis Vargas Valdez como presidente del Tribunal Electoral del Poder Judicial de la Federaci\u00f3n (TEPJF), el coordinador del PRI en el Senado de la Rep\u00fablica, Miguel \u00c1ngel Osorio Chong, rechaz\u00f3 la posibilidad de que renuncien todos los ministros de la Sala Superior, como lo sugiri\u00f3 el presidente Andr\u00e9s Manuel L\u00f3pez [&hellip;]<\/p>\n","protected":false},"author":81,"featured_media":162374,"comment_status":"closed","ping_status":"closed","sticky":false,"template":"","format":"standard","meta":{"footnotes":""},"categories":[36],"tags":[],"class_list":["post-175507","post","type-post","status-publish","format-standard","has-post-thumbnail","hentry","category-nacion"],"_links":{"self":[{"href":"https:\/\/plazajuarez.mx\/historico\/wp-json\/wp\/v2\/posts\/175507","targetHints":{"allow":["GET"]}}],"collection":[{"href":"https:\/\/plazajuarez.mx\/historico\/wp-json\/wp\/v2\/posts"}],"about":[{"href":"https:\/\/plazajuarez.mx\/historico\/wp-json\/wp\/v2\/types\/post"}],"author":[{"embeddable":true,"href":"https:\/\/plazajuarez.mx\/historico\/wp-json\/wp\/v2\/users\/81"}],"replies":[{"embeddable":true,"href":"https:\/\/plazajuarez.mx\/historico\/wp-json\/wp\/v2\/comments?post=175507"}],"version-history":[{"count":0,"href":"https:\/\/plazajuarez.mx\/historico\/wp-json\/wp\/v2\/posts\/175507\/revisions"}],"wp:featuredmedia":[{"embeddable":true,"href":"https:\/\/plazajuarez.mx\/historico\/wp-json\/wp\/v2\/media\/162374"}],"wp:attachment":[{"href":"https:\/\/plazajuarez.mx\/historico\/wp-json\/wp\/v2\/media?parent=175507"}],"wp:term":[{"taxonomy":"category","embeddable":true,"href":"https:\/\/plazajuarez.mx\/historico\/wp-json\/wp\/v2\/categories?post=175507"},{"taxonomy":"post_tag","embeddable":true,"href":"https:\/\/plazajuarez.mx\/historico\/wp-json\/wp\/v2\/tags?post=175507"}],"curies":[{"name":"wp","href":"https:\/\/api.w.org\/{rel}","templated":true}]}}