{"id":175505,"date":"2021-08-05T17:53:09","date_gmt":"2021-08-05T22:53:09","guid":{"rendered":"https:\/\/plazajuarez.mx\/?p=175505"},"modified":"2021-08-05T17:53:24","modified_gmt":"2021-08-05T22:53:24","slug":"covid_casos-2","status":"publish","type":"post","link":"https:\/\/plazajuarez.mx\/historico\/covid_casos-2\/","title":{"rendered":"M\u00e9xico registra 618 decesos por Covid-19 en 24 horas"},"content":{"rendered":"\n<p>La Secretar\u00eda de Salud (<a href=\"https:\/\/www.gob.mx\/salud\">Ssa<\/a>) dio a conocer que, al corte de este jueves 5 de agosto, M\u00e9xico ascendi\u00f3 a 243 mil 165 muertes por Covid-19.<\/p>\n\n\n\n<p>Esto significa que el pa\u00eds registr\u00f3 618 decesos por coronavirus, m\u00e1s que este mi\u00e9rcoles.<\/p>\n\n\n\n<p>Adem\u00e1s, report\u00f3 2 millones 922 mil 663 contagios, para dar un total de 21 mil 569 casos confirmados de un d\u00eda a otro. Tambi\u00e9n contabiliz\u00f3 475 mil 124 casos sospechosos y 5 millones 259 mil 630 casos negativos.<\/p>\n\n\n\n<p>Sobre los casos activos, la dependencia detall\u00f3 que, al corte de informaci\u00f3n del d\u00eda de hoy, se tienen registrados 127 mil 660. Se consideran casos activos a aquellos casos positivos que iniciaron s\u00edntomas en los \u00faltimos 14 d\u00edas.<\/p>\n\n\n\n<p>La Ciudad de M\u00e9xico, el Estado de M\u00e9xico, Nuevo Le\u00f3n, Jalisco, Veracruz, Guerrero, Tabasco, San Luis Potos\u00ed, Quintana Roo, Nayarit y Sonora, son las entidades con mayor n\u00famero de casos activos, seguidos de Sinaloa, Guanajuato, Oaxaca, Colima, Puebla, Michoac\u00e1n, Tamaulipas, Hidalgo, Quer\u00e9taro, Baja California Sur, Coahuila, Yucat\u00e1n, Durango, Zacatecas y Chiapas como las entidades con m\u00e1s mil casos activos, concentrando el 96% de los casos activos del pa\u00eds.<\/p>\n\n\n\n<p>La capital del pa\u00eds contin\u00faa siendo la entidad con m\u00e1s casos acumulados del pa\u00eds.<\/p>\n\n\n\n<p>Vacunaci\u00f3n contra Covid-19 en M\u00e9xico. Respecto a los detalles del plan de vacunaci\u00f3n, el subsecretario de Prevenci\u00f3n y Promoci\u00f3n de la Salud, Hugo L\u00f3pez-Gatell, inform\u00f3 a trav\u00e9s de Twitter que el mi\u00e9rcoles se aplicaron 975 mil 304 dosis de vacunas contra Covid-19<\/p>\n\n\n\n<p>Inform\u00f3 adem\u00e1s, que desde el inicio de la estrategia nacional de vacunaci\u00f3n se han aplicado en total 69 millones 820 mil 231 dosis de la vacuna.<\/p>\n","protected":false},"excerpt":{"rendered":"<p>La Secretar\u00eda de Salud (Ssa) dio a conocer que, al corte de este jueves 5 de agosto, M\u00e9xico ascendi\u00f3 a 243 mil 165 muertes por Covid-19. Esto significa que el pa\u00eds registr\u00f3 618 decesos por coronavirus, m\u00e1s que este mi\u00e9rcoles. Adem\u00e1s, report\u00f3 2 millones 922 mil 663 contagios, para dar un total de 21 mil [&hellip;]<\/p>\n","protected":false},"author":81,"featured_media":173303,"comment_status":"closed","ping_status":"closed","sticky":false,"template":"","format":"standard","meta":{"footnotes":""},"categories":[2141,15,36],"tags":[],"class_list":["post-175505","post","type-post","status-publish","format-standard","has-post-thumbnail","hentry","category-covid-19","category-destacadas","category-nacion"],"_links":{"self":[{"href":"https:\/\/plazajuarez.mx\/historico\/wp-json\/wp\/v2\/posts\/175505","targetHints":{"allow":["GET"]}}],"collection":[{"href":"https:\/\/plazajuarez.mx\/historico\/wp-json\/wp\/v2\/posts"}],"about":[{"href":"https:\/\/plazajuarez.mx\/historico\/wp-json\/wp\/v2\/types\/post"}],"author":[{"embeddable":true,"href":"https:\/\/plazajuarez.mx\/historico\/wp-json\/wp\/v2\/users\/81"}],"replies":[{"embeddable":true,"href":"https:\/\/plazajuarez.mx\/historico\/wp-json\/wp\/v2\/comments?post=175505"}],"version-history":[{"count":0,"href":"https:\/\/plazajuarez.mx\/historico\/wp-json\/wp\/v2\/posts\/175505\/revisions"}],"wp:featuredmedia":[{"embeddable":true,"href":"https:\/\/plazajuarez.mx\/historico\/wp-json\/wp\/v2\/media\/173303"}],"wp:attachment":[{"href":"https:\/\/plazajuarez.mx\/historico\/wp-json\/wp\/v2\/media?parent=175505"}],"wp:term":[{"taxonomy":"category","embeddable":true,"href":"https:\/\/plazajuarez.mx\/historico\/wp-json\/wp\/v2\/categories?post=175505"},{"taxonomy":"post_tag","embeddable":true,"href":"https:\/\/plazajuarez.mx\/historico\/wp-json\/wp\/v2\/tags?post=175505"}],"curies":[{"name":"wp","href":"https:\/\/api.w.org\/{rel}","templated":true}]}}