{"id":175502,"date":"2021-08-05T17:44:17","date_gmt":"2021-08-05T22:44:17","guid":{"rendered":"https:\/\/plazajuarez.mx\/?p=175502"},"modified":"2021-08-05T17:44:29","modified_gmt":"2021-08-05T22:44:29","slug":"ine_","status":"publish","type":"post","link":"https:\/\/plazajuarez.mx\/historico\/ine_\/","title":{"rendered":"Instituto Electoral de M\u00e9xico niega alto costo de revocaci\u00f3n del presidente"},"content":{"rendered":"\n<p>El Instituto Nacional Electoral (<a href=\"https:\/\/www.ine.mx\/\">INE<\/a>) de M\u00e9xico neg\u00f3 este jueves que la votaci\u00f3n del pr\u00f3ximo marzo para revocar al presidente <a href=\"https:\/\/twitter.com\/lopezobrador_?ref_src=twsrc%5Egoogle%7Ctwcamp%5Eserp%7Ctwgr%5Eauthor\">Andr\u00e9s Manuel L\u00f3pez Obrador<\/a> vaya a costar 9.000 millones de pesos (450 millones de d\u00f3lares), como ha circulado en medios.<\/p>\n\n\n\n<p>&#8220;Nueve mi millones de pesos es el costo aproximado de una elecci\u00f3n federal. Un eventual proceso de revocaci\u00f3n de mandato tendr\u00eda una naturaleza distinta, por lo que sus costos ser\u00edan significativamente menores&#8221;, afirm\u00f3 Lorenzo C\u00f3rdova, presidente del INE, en sus redes sociales.<\/p>\n\n\n\n<p>La pol\u00e9mica ocurre por la revocaci\u00f3n de mandato a la que ha convocado el mismo L\u00f3pez Obrador, quien promulg\u00f3 una reforma constitucional que cre\u00f3 la figura en 2019 para legitimar su Presidencia a mitad de su sexenio, que termina en 2024.<\/p>\n\n\n\n<p>El mandatario ha defendido este y otros referendos, como la consulta popular que organiz\u00f3 el 1 de agosto pasado para enjuiciar a los expresidentes del &#8220;periodo neoliberal&#8221;.<\/p>\n\n\n\n<p>Pero sus opositores lo han acusado de &#8220;echar el dinero a la basura&#8221;, pues solo la consulta del domingo pasado cost\u00f3 522 millones de pesos (unos 26,1 millones de d\u00f3lares), con una participaci\u00f3n de apenas el 7 % del electorado.<\/p>\n\n\n\n<p>El presidente del INE aclar\u00f3 que el organismo aut\u00f3nomo alista un presupuesto que presentar\u00e1 al Congreso, pero necesita que apruebe una ley complementaria de la reforma constitucional.<\/p>\n\n\n\n<p>&#8220;Ser\u00eda muy conveniente contar con una ley secundaria que hasta la fecha el Congreso no ha aprobado&#8221;, coment\u00f3.<\/p>\n\n\n\n<p>C\u00f3rdova asever\u00f3 que la petici\u00f3n &#8220;contemplar\u00e1 la solicitud de recursos necesarios para una eventual revocaci\u00f3n de mandato con todas las garant\u00edas de legalidad, certeza y profesionalismo del sistema electoral&#8221;.<\/p>\n\n\n\n<p>L\u00f3pez Obrador ha insistido en que sus consultas son para fortalecer la democracia en M\u00e9xico, al argumentar que los ciudadanos deber\u00edan votar hasta una vez al a\u00f1o.<\/p>\n\n\n\n<p>Adem\u00e1s de la consulta, M\u00e9xico acaba de tener el 6 de junio los comicios m\u00e1s grandes de la historia, porque casi 50 millones de votantes eligieron a m\u00e1s de 20.000 cargos, entre ellos los 500 diputados federales y 15 de las 32 gubernaturas.<\/p>\n\n\n\n<p>Aunque los partidos aliados del presidente perdieron la mayor\u00eda calificada de dos tercios del Congreso, a partir de este a\u00f1o gobernar\u00e1n en la mitad de los estados del pa\u00eds.<\/p>\n\n\n\n<p>El presidente ha cuestionado a los cr\u00edticos que se\u00f1alan que su revocaci\u00f3n de mandato, as\u00ed como las otras consultas, son para hacer propaganda y estar en &#8220;campa\u00f1a permanente&#8221;.<\/p>\n\n\n\n<p>&#8220;La consulta va. Y no es reto ni desaf\u00edo, es decirles a los conservadores, a los del bloque conservador, que en vez de estar insultando y haciendo labor de zapa, que convoquen a la gente para que participen en la consulta&#8221;, declar\u00f3 este jueves en su rueda de prensa diaria.<\/p>\n","protected":false},"excerpt":{"rendered":"<p>El Instituto Nacional Electoral (INE) de M\u00e9xico neg\u00f3 este jueves que la votaci\u00f3n del pr\u00f3ximo marzo para revocar al presidente Andr\u00e9s Manuel L\u00f3pez Obrador vaya a costar 9.000 millones de pesos (450 millones de d\u00f3lares), como ha circulado en medios. &#8220;Nueve mi millones de pesos es el costo aproximado de una elecci\u00f3n federal. Un eventual [&hellip;]<\/p>\n","protected":false},"author":80,"featured_media":175503,"comment_status":"closed","ping_status":"closed","sticky":false,"template":"","format":"standard","meta":{"footnotes":""},"categories":[36],"tags":[],"class_list":["post-175502","post","type-post","status-publish","format-standard","has-post-thumbnail","hentry","category-nacion"],"_links":{"self":[{"href":"https:\/\/plazajuarez.mx\/historico\/wp-json\/wp\/v2\/posts\/175502","targetHints":{"allow":["GET"]}}],"collection":[{"href":"https:\/\/plazajuarez.mx\/historico\/wp-json\/wp\/v2\/posts"}],"about":[{"href":"https:\/\/plazajuarez.mx\/historico\/wp-json\/wp\/v2\/types\/post"}],"author":[{"embeddable":true,"href":"https:\/\/plazajuarez.mx\/historico\/wp-json\/wp\/v2\/users\/80"}],"replies":[{"embeddable":true,"href":"https:\/\/plazajuarez.mx\/historico\/wp-json\/wp\/v2\/comments?post=175502"}],"version-history":[{"count":0,"href":"https:\/\/plazajuarez.mx\/historico\/wp-json\/wp\/v2\/posts\/175502\/revisions"}],"wp:featuredmedia":[{"embeddable":true,"href":"https:\/\/plazajuarez.mx\/historico\/wp-json\/wp\/v2\/media\/175503"}],"wp:attachment":[{"href":"https:\/\/plazajuarez.mx\/historico\/wp-json\/wp\/v2\/media?parent=175502"}],"wp:term":[{"taxonomy":"category","embeddable":true,"href":"https:\/\/plazajuarez.mx\/historico\/wp-json\/wp\/v2\/categories?post=175502"},{"taxonomy":"post_tag","embeddable":true,"href":"https:\/\/plazajuarez.mx\/historico\/wp-json\/wp\/v2\/tags?post=175502"}],"curies":[{"name":"wp","href":"https:\/\/api.w.org\/{rel}","templated":true}]}}