{"id":174284,"date":"2021-07-29T16:32:13","date_gmt":"2021-07-29T21:32:13","guid":{"rendered":"https:\/\/plazajuarez.mx\/?p=174284"},"modified":"2021-07-29T16:39:43","modified_gmt":"2021-07-29T21:39:43","slug":"el-burro-van-rankin-comparte-foto-antigua-con-luis-miguel","status":"publish","type":"post","link":"https:\/\/plazajuarez.mx\/historico\/el-burro-van-rankin-comparte-foto-antigua-con-luis-miguel\/","title":{"rendered":"&#8220;El burro&#8221; Van Rankin comparte foto antigua con Luis Miguel"},"content":{"rendered":"\n<p>A Jorge &#8220;El burro&#8221; <a href=\"https:\/\/twitter.com\/burrovan?lang=es\">Van Rankin<\/a> le gusta compartir recuerdos en su Instagram. Desde Sof\u00eda Vergara, Leonardo de Lozanne, Enrique Iglesias y hasta Javier &#8220;El chicharito&#8221; Hern\u00e1ndez tiene en la colecci\u00f3n, pero sin duda las que m\u00e1s llaman la atenci\u00f3n son aquellas en las que aparece Luis Miguel.<\/p>\n\n\n\n<p>El actor tuvo una relaci\u00f3n de amistad con el cantante de m\u00e1s de 10 a\u00f1os, que aunque con altibajos, seg\u00fan ha contado, ambos compartieron los mejores momentos de su vida juntos.<\/p>\n\n\n\n<p>Ahora se volvieron tendencia en redes sociales por la \u00faltima fotograf\u00eda que Jorge comparti\u00f3, donde se les ve a ambos en la cancha de un partido de f\u00fatbol, mientras sostienen una conversaci\u00f3n.<\/p>\n\n\n\n<p>&#8220;Que gran foto me acabo de encontrar. En el (estadio) Azteca con Luis Miguel hace ya 25 a\u00f1os&#8221;, escribi\u00f3 Van Rankin en la publicaci\u00f3n que ya tiene m\u00e1s de 13 mil reacciones.<\/p>\n\n\n\n<p>Aunque muchos de sus seguidores agradecieron que compartiera un recuerdo m\u00e1s cono &#8220;El Sol&#8221;, tambi\u00e9n bromearon con que Luismi le dejar\u00e1 de hablar otros 20 a\u00f1os por haber publicado dicha imagen.<\/p>\n\n\n\n<p>&#8220;Te va dejar de hablar otros 25 a\u00f1os jajaja&#8221;. &#8220;A ver si no se enoja de que tambi\u00e9n subas esta foto&#8221;. &#8220;Otros 25 a\u00f1os sin hablarte por esa foto&#8221;, se lee entre los comentarios.<\/p>\n\n\n\n<p>Dos grandes separaciones<\/p>\n\n\n\n<p>Hace cinco meses, &#8220;El burro&#8221; cont\u00f3 detalles durante una entrevista para el canal de YouTube de Yordi Rosado, donde platic\u00f3 sobre las peleas que los separaron.<\/p>\n\n\n\n<p>Seg\u00fan relat\u00f3, fue a trav\u00e9s del programa de radio que tuvo con Esteban Arce a principios de los 90 que decidieron hacerle una broma a Jos\u00e9 P\u00e9rez, el asistente personal de Luis Miguel, pero al descubrirlos &#8220;El sol&#8221; se enoj\u00f3 y tuvieron una discusi\u00f3n que desencaden\u00f3 22 a\u00f1os de enemistad.<\/p>\n\n\n\n<p>&#8220;Nos cach\u00f3 Jos\u00e9 P\u00e9rez entonces en la tarde suena mi celular y me dice Jos\u00e9 P\u00e9rez, &#8216;te va a hablar el se\u00f1or&#8217; y Luis Miguel me puso una gritoneada de terror, me dijo que mis pinches bromas y que no mezclara la amistad, yo me encabrone y le colgu\u00e9&#8221;, record\u00f3 Van Rankin.<\/p>\n\n\n\n<p>&#8220;Le habl\u00e9 un 16 de abril, por su cumplea\u00f1os, no me contest\u00f3 y pasaron 22 a\u00f1os&#8221;, agreg\u00f3.<\/p>\n\n\n\n<p>Finalmente mientras Miguel Alem\u00e1n participaba en la filmaci\u00f3n de la serie de Luis Miguel, organiz\u00f3 el reencuentro entre &#8220;El burro&#8221; y el int\u00e9rprete de &#8220;La incondicional&#8221;, pero esto dur\u00f3 s\u00f3lo un a\u00f1o antes de que se volvieran a distanciar.<\/p>\n\n\n\n<p>&#8220;Llegu\u00e9 a Acapulco y el reencuentro con \u00e9l me dio muchis\u00edmo gusto y lo veo venir as\u00ed como a 20 metros, era de noche y ven\u00eda de negro, guapo, ya sabes, pinche Micky y entonces yo estaba entre medio nervioso y veo que se empieza a re\u00edr y le digo &#8216;eres una mierda&#8217; y se empieza a re\u00edr y un pinche abrazo sincero y de ah\u00ed fue un a\u00f1o entero de vernos seguido, fuimos a sus conciertos, a comer, conoci\u00f3 a mi pareja&#8221;.<\/p>\n\n\n\n<p>Una exposici\u00f3n p\u00fablica fue lo que los separ\u00f3 de nuevo, como est\u00e1n actualmente y es que durante uno de los conciertos de Luis Miguel, la esposa de Jorge, Magda Bleizeffer se tom\u00f3 una foto con \u00e9l que despu\u00e9s public\u00f3 en redes sociales, lo que al parecer molest\u00f3 al cantante.<\/p>\n\n\n\n<p>&#8220;Jam\u00e1s le hab\u00eda pedido una foto y le dije &#8216;\u00bfuna foto no?&#8217; y saliendo de ah\u00ed Magda me pregunta \u00bfla puedo subir? y le dije pues s\u00fabela&#8230; y se arm\u00f3 un pedo y de ah\u00ed otra vez no. Me hablaron de la oficina de Luis Miguel que la bajara y la baj\u00e9&#8221;.<\/p>\n\n\n\n<p>Aunque ahora Van Rankin asegura que lo recuerda con cari\u00f1o e incluso lo extra\u00f1a, afirm\u00f3 que comprendi\u00f3 que su amistad ya no volver\u00eda a ser la de antes, sin embargo, \u00e9l sigue publicando recuerdos junto al Micky.<\/p>\n","protected":false},"excerpt":{"rendered":"<p>A Jorge &#8220;El burro&#8221; Van Rankin le gusta compartir recuerdos en su Instagram. Desde Sof\u00eda Vergara, Leonardo de Lozanne, Enrique Iglesias y hasta Javier &#8220;El chicharito&#8221; Hern\u00e1ndez tiene en la colecci\u00f3n, pero sin duda las que m\u00e1s llaman la atenci\u00f3n son aquellas en las que aparece Luis Miguel. El actor tuvo una relaci\u00f3n de amistad [&hellip;]<\/p>\n","protected":false},"author":81,"featured_media":174285,"comment_status":"closed","ping_status":"closed","sticky":false,"template":"","format":"standard","meta":{"footnotes":""},"categories":[38],"tags":[],"class_list":["post-174284","post","type-post","status-publish","format-standard","has-post-thumbnail","hentry","category-show"],"_links":{"self":[{"href":"https:\/\/plazajuarez.mx\/historico\/wp-json\/wp\/v2\/posts\/174284","targetHints":{"allow":["GET"]}}],"collection":[{"href":"https:\/\/plazajuarez.mx\/historico\/wp-json\/wp\/v2\/posts"}],"about":[{"href":"https:\/\/plazajuarez.mx\/historico\/wp-json\/wp\/v2\/types\/post"}],"author":[{"embeddable":true,"href":"https:\/\/plazajuarez.mx\/historico\/wp-json\/wp\/v2\/users\/81"}],"replies":[{"embeddable":true,"href":"https:\/\/plazajuarez.mx\/historico\/wp-json\/wp\/v2\/comments?post=174284"}],"version-history":[{"count":0,"href":"https:\/\/plazajuarez.mx\/historico\/wp-json\/wp\/v2\/posts\/174284\/revisions"}],"wp:featuredmedia":[{"embeddable":true,"href":"https:\/\/plazajuarez.mx\/historico\/wp-json\/wp\/v2\/media\/174285"}],"wp:attachment":[{"href":"https:\/\/plazajuarez.mx\/historico\/wp-json\/wp\/v2\/media?parent=174284"}],"wp:term":[{"taxonomy":"category","embeddable":true,"href":"https:\/\/plazajuarez.mx\/historico\/wp-json\/wp\/v2\/categories?post=174284"},{"taxonomy":"post_tag","embeddable":true,"href":"https:\/\/plazajuarez.mx\/historico\/wp-json\/wp\/v2\/tags?post=174284"}],"curies":[{"name":"wp","href":"https:\/\/api.w.org\/{rel}","templated":true}]}}