{"id":174277,"date":"2021-07-29T15:09:18","date_gmt":"2021-07-29T20:09:18","guid":{"rendered":"https:\/\/plazajuarez.mx\/?p=174277"},"modified":"2021-07-29T15:09:30","modified_gmt":"2021-07-29T20:09:30","slug":"una-maqueta-del-templo-mayor-conmemorara-en-mexico-500-anos-de-la-conquista","status":"publish","type":"post","link":"https:\/\/plazajuarez.mx\/historico\/una-maqueta-del-templo-mayor-conmemorara-en-mexico-500-anos-de-la-conquista\/","title":{"rendered":"Una maqueta del Templo Mayor conmemorar\u00e1 en M\u00e9xico 500 a\u00f1os de la conquista"},"content":{"rendered":"\n<p>&nbsp;Una maqueta del Templo Mayor en Ciudad de M\u00e9xico, que ya est\u00e1 en construcci\u00f3n y medir\u00e1 entre 11 y 14 metros de altura, protagonizar\u00e1 la conmemoraci\u00f3n de los 500 a\u00f1os de la conquista (1521).<\/p>\n\n\n\n<p>El emblem\u00e1tico Z\u00f3calo capitalino se encuentra ya vallado y delimitada la zona donde se erigir\u00e1 la r\u00e9plica del &#8220;Huey Teocalli&#8221; (Templo Mayor) que se inaugurar\u00e1 el pr\u00f3ximo 13 de agosto y podr\u00e1 visitarse hasta el 1 de septiembre.<\/p>\n\n\n\n<p>Por las noches, la estructura, que se ubicar\u00e1 en la parte suroriental del Z\u00f3calo, frente al Palacio Nacional, tendr\u00e1 intervenciones luminosas &#8220;que permitir\u00e1n recrear la memoria de lo que fue este &#8216;ateptl&#8217; o cuidad que es la capital de la Rep\u00fablica&#8221;, dijo el mi\u00e9rcoles el jefe de la Oficina de la Jefatura de Gobierno, Jos\u00e9 Alfonso Su\u00e1rez del Real.<\/p>\n\n\n\n<p>El Templo Mayor refleja la grandeza de los mexicas pero tambi\u00e9n recuerda la masacre que tuvo lugar por parte de los conquistadores espa\u00f1oles el 20 de mayo de 1520, mientras los mexicas realizaban una fiesta en honor a T\u00f3xcatl (\u00e9poca de sequ\u00edas).<\/p>\n\n\n\n<p>Hern\u00e1n Cort\u00e9s (1485-1547) hab\u00eda tenido que salir de M\u00e9xico-Tenochtitl\u00e1n y dej\u00f3 a cargo de la vigilancia del tlatoani (emperador) Moctezuma a Pedro Alvarado, quien permiti\u00f3 la celebraci\u00f3n pero orden\u00f3, sin embargo, una masacre muy violenta que rompi\u00f3 con la entente establecida por Cort\u00e9s entre los conquistadores, sus aliados ind\u00edgenas y los mexicas.<\/p>\n\n\n\n<p>La reproducci\u00f3n &#8220;fiel&#8221; ser\u00e1 la primera de este emblem\u00e1tico edificio y, seg\u00fan Su\u00e1rez del Real, se construir\u00e1 siguiendo las indicaciones del Instituto Nacional de Antropolog\u00eda e Historia (INAH).<\/p>\n\n\n\n<p>Adem\u00e1s de la instalaci\u00f3n de la maqueta monumental y las luces que se proyectar\u00e1n sobre ella, en la parte norte de la plancha del Z\u00f3calo, junto a la Catedral Metropolitana, se colocar\u00e1 un gran soporte &#8220;donde se llevar\u00e1n a cabo actividades complementarias&#8221;, precis\u00f3 el funcionario.<\/p>\n\n\n\n<p>El pasado lunes, el Z\u00f3calo alberg\u00f3 a alrededor de 2.000 personas, entre danzantes, m\u00fasicos, cantantes o creadores de ofrendas de diversas tradiciones de M\u00e9xico, que celebraron el 696 aniversario de la fundaci\u00f3n de M\u00e9xico Tenochtitl\u00e1n, la capital mexica, ubicada donde hoy se encuentra la Ciudad de M\u00e9xico.<\/p>\n\n\n\n<p>Ambas actividades forman parte de la amplia agenda de eventos para este 2021, en el que M\u00e9xico conmemora los 200 a\u00f1os de su independencia (1821), los 500 a\u00f1os de la conquista (1521) y, aunque se trata de una fecha cuestionada, los 700 a\u00f1os de la fundaci\u00f3n de Tenochtitlan, actual Ciudad de M\u00e9xico.<\/p>\n\n\n\n<p>El Gobierno del presidente Andr\u00e9s Manuel L\u00f3pez Obrador ha preparado 15 eventos conmemorativos en la l\u00ednea marcada por el mandatario desde que en 2019 exigi\u00f3 al rey Felipe VI de Espa\u00f1a y al papa Francisco que se disculparan por los abusos de la conquista.<\/p>\n","protected":false},"excerpt":{"rendered":"<p>&nbsp;Una maqueta del Templo Mayor en Ciudad de M\u00e9xico, que ya est\u00e1 en construcci\u00f3n y medir\u00e1 entre 11 y 14 metros de altura, protagonizar\u00e1 la conmemoraci\u00f3n de los 500 a\u00f1os de la conquista (1521). El emblem\u00e1tico Z\u00f3calo capitalino se encuentra ya vallado y delimitada la zona donde se erigir\u00e1 la r\u00e9plica del &#8220;Huey Teocalli&#8221; (Templo [&hellip;]<\/p>\n","protected":false},"author":80,"featured_media":174280,"comment_status":"closed","ping_status":"closed","sticky":false,"template":"","format":"standard","meta":{"footnotes":""},"categories":[59,36],"tags":[],"class_list":["post-174277","post","type-post","status-publish","format-standard","has-post-thumbnail","hentry","category-general","category-nacion"],"_links":{"self":[{"href":"https:\/\/plazajuarez.mx\/historico\/wp-json\/wp\/v2\/posts\/174277","targetHints":{"allow":["GET"]}}],"collection":[{"href":"https:\/\/plazajuarez.mx\/historico\/wp-json\/wp\/v2\/posts"}],"about":[{"href":"https:\/\/plazajuarez.mx\/historico\/wp-json\/wp\/v2\/types\/post"}],"author":[{"embeddable":true,"href":"https:\/\/plazajuarez.mx\/historico\/wp-json\/wp\/v2\/users\/80"}],"replies":[{"embeddable":true,"href":"https:\/\/plazajuarez.mx\/historico\/wp-json\/wp\/v2\/comments?post=174277"}],"version-history":[{"count":0,"href":"https:\/\/plazajuarez.mx\/historico\/wp-json\/wp\/v2\/posts\/174277\/revisions"}],"wp:featuredmedia":[{"embeddable":true,"href":"https:\/\/plazajuarez.mx\/historico\/wp-json\/wp\/v2\/media\/174280"}],"wp:attachment":[{"href":"https:\/\/plazajuarez.mx\/historico\/wp-json\/wp\/v2\/media?parent=174277"}],"wp:term":[{"taxonomy":"category","embeddable":true,"href":"https:\/\/plazajuarez.mx\/historico\/wp-json\/wp\/v2\/categories?post=174277"},{"taxonomy":"post_tag","embeddable":true,"href":"https:\/\/plazajuarez.mx\/historico\/wp-json\/wp\/v2\/tags?post=174277"}],"curies":[{"name":"wp","href":"https:\/\/api.w.org\/{rel}","templated":true}]}}