{"id":174158,"date":"2021-07-29T08:37:49","date_gmt":"2021-07-29T13:37:49","guid":{"rendered":"https:\/\/plazajuarez.mx\/?p=174158"},"modified":"2021-07-29T09:41:00","modified_gmt":"2021-07-29T14:41:00","slug":"denuncian-acoso-sexual","status":"publish","type":"post","link":"https:\/\/plazajuarez.mx\/historico\/denuncian-acoso-sexual\/","title":{"rendered":"Denuncian acoso sexual por parte de oficial mayor"},"content":{"rendered":"\n<p>Mixquiahuala.- Lo que ser\u00eda una conferencia de prensa para denunciar al secretario municipal, Jonathan \u00c1lvarez Cruz, por sus presuntas denuncias penales, abusos de autoridad y anomal\u00edas el interior de la administraci\u00f3n, se convirti\u00f3 en un espect\u00e1culo medi\u00e1tico, cuando se present\u00f3 en el lugar, Cristian Cano, quien denunci\u00f3, la omisi\u00f3n de los asamble\u00edstas en torno al caso de acoso sexual que sufri\u00f3 su hija a manos del oficial mayor de la asamblea.&nbsp;<\/p>\n\n\n\n<p>De acuerdo a los regidores, el alcalde, Jos\u00e9 Ram\u00f3n Amieva, ha brindado protecci\u00f3n al secretario general, d\u00e1ndole un poder m\u00e1s all\u00e1 de sus funciones, porque a pesar de los presuntos il\u00edcitos que ha cometido, se mantiene en su cargo.&nbsp;<\/p>\n\n\n\n<p>Acusaron al funcionario, de rebasar sus facultades como encargado de la pol\u00edtica interna, incluso de amenazar a algunos de los propios regidores, intimidarlos, mientras que a algunos funcionarios municipales, han sido v\u00edctimas de acoso laboral.&nbsp;<\/p>\n\n\n\n<p>Casi al t\u00e9rmino de la conferencia de prensa, Cristian Cano, se present\u00f3 en el lugar para denunciar, que los regidores han sido omisos con el caso de su hija, quien ha sido v\u00edctima de acoso sexual por parte del oficial mayor de la asamblea Jos\u00e9 Antonio \u201cN\u201d, quien en d\u00edas pasados fue detenido por la polic\u00eda de investigaci\u00f3n y m\u00e1s tarde liberado.&nbsp;<\/p>\n\n\n\n<p>Dijo, que mientras los regidores traen una agenda medi\u00e1tica contra el secretario municipal, han olvidado lo relevante, el caso de su hija, una funcionaria que sufri\u00f3 acoso sexual, delito de lo cual obran denuncias y elementos probatorios.&nbsp;<\/p>\n","protected":false},"excerpt":{"rendered":"<p>Mixquiahuala.- Lo que ser\u00eda una conferencia de prensa para denunciar al secretario municipal, Jonathan \u00c1lvarez Cruz, por sus presuntas denuncias penales, abusos de autoridad y anomal\u00edas el interior de la administraci\u00f3n, se convirti\u00f3 en un espect\u00e1culo medi\u00e1tico, cuando se present\u00f3 en el lugar, Cristian Cano, quien denunci\u00f3, la omisi\u00f3n de los asamble\u00edstas en torno al [&hellip;]<\/p>\n","protected":false},"author":75,"featured_media":174160,"comment_status":"closed","ping_status":"closed","sticky":false,"template":"","format":"standard","meta":{"footnotes":""},"categories":[40],"tags":[],"class_list":["post-174158","post","type-post","status-publish","format-standard","has-post-thumbnail","hentry","category-region"],"_links":{"self":[{"href":"https:\/\/plazajuarez.mx\/historico\/wp-json\/wp\/v2\/posts\/174158","targetHints":{"allow":["GET"]}}],"collection":[{"href":"https:\/\/plazajuarez.mx\/historico\/wp-json\/wp\/v2\/posts"}],"about":[{"href":"https:\/\/plazajuarez.mx\/historico\/wp-json\/wp\/v2\/types\/post"}],"author":[{"embeddable":true,"href":"https:\/\/plazajuarez.mx\/historico\/wp-json\/wp\/v2\/users\/75"}],"replies":[{"embeddable":true,"href":"https:\/\/plazajuarez.mx\/historico\/wp-json\/wp\/v2\/comments?post=174158"}],"version-history":[{"count":0,"href":"https:\/\/plazajuarez.mx\/historico\/wp-json\/wp\/v2\/posts\/174158\/revisions"}],"wp:featuredmedia":[{"embeddable":true,"href":"https:\/\/plazajuarez.mx\/historico\/wp-json\/wp\/v2\/media\/174160"}],"wp:attachment":[{"href":"https:\/\/plazajuarez.mx\/historico\/wp-json\/wp\/v2\/media?parent=174158"}],"wp:term":[{"taxonomy":"category","embeddable":true,"href":"https:\/\/plazajuarez.mx\/historico\/wp-json\/wp\/v2\/categories?post=174158"},{"taxonomy":"post_tag","embeddable":true,"href":"https:\/\/plazajuarez.mx\/historico\/wp-json\/wp\/v2\/tags?post=174158"}],"curies":[{"name":"wp","href":"https:\/\/api.w.org\/{rel}","templated":true}]}}