{"id":174151,"date":"2021-07-29T08:09:46","date_gmt":"2021-07-29T13:09:46","guid":{"rendered":"https:\/\/plazajuarez.mx\/?p=174151"},"modified":"2021-07-29T09:40:21","modified_gmt":"2021-07-29T14:40:21","slug":"ine-hidalgo","status":"publish","type":"post","link":"https:\/\/plazajuarez.mx\/historico\/ine-hidalgo\/","title":{"rendered":"INE Hidalgo listo para el proceso democr\u00e1tico"},"content":{"rendered":"\n<p>La vocal del registro federal de electorales de la Junta Local del Instituto Nacional Electoral (INE) en Hidalgo, Ana Alicia Hoyo Chalit, asegur\u00f3 que el organismo se encuentra listo para realizar la consulta popular del pr\u00f3ximo domingo primero de agosto.<\/p>\n\n\n\n<p>En entrevista para el programa \u201cAl Aire\u201d del Sistema de Radio y Televisi\u00f3n de Hidalgo refiri\u00f3 que este ejercicio democr\u00e1tico es muy importante, pues es la primera vez que se realiza en el pa\u00eds, con la finalidad de que los ciudadanos puedan familiarizarse con el mecanismo y participen.<\/p>\n\n\n\n<p>Precis\u00f3 que el proceso del pr\u00f3ximo primero de agosto, tiene las mismas caracter\u00edsticas que una jornada electoral, luego que las mesas ser\u00e1n abiertas en punto de las ocho de la ma\u00f1ana y cerrar\u00e1n a las seis de la tarde, salvo que solo son cinco los funcionarios que estar\u00e1n al frente de las casillas.<\/p>\n\n\n\n<p>Asimismo, los resultados ser\u00e1n publicados al momento del cierre de la votaci\u00f3n, al exterior de la mesa receptora; adem\u00e1s se llevar\u00e1n c\u00f3mputos en las juntas distritales, mientras que en un m\u00e1ximo de tres d\u00edas se desarrollar\u00e1 el c\u00f3mputo total.<\/p>\n\n\n\n<p>En ese sentido Hoyo Chalit apunt\u00f3 que ser\u00e1n m\u00e1s de cuatro mil funcionarios que participar\u00e1n en todo el estado, a quienes se les suma el personal de la Junta Local quienes apoyar\u00e1n a los funcionarios ante alguna necesidad o situaci\u00f3n que se les presente.<\/p>\n\n\n\n<p>Para ello destac\u00f3 que se han realizado simulacros, capacitaciones y actividades en las mesas distritales para la distribuci\u00f3n de los materiales, en espera de la participaci\u00f3n de alrededor de dos millones 252 mil 555 ciudadanos que integran la lista nominal.<\/p>\n\n\n\n<p>Reiter\u00f3 que la consulta popular plantea una pregunta, en la que el electorado tendr\u00e1 que responder \u201csi\u201d o \u201cno\u201d, y de alcanzar m\u00e1s del 40 por ciento de participaci\u00f3n, el cuestionamiento ser\u00e1 vinculatorio.<\/p>\n\n\n\n<p>Por lo anterior, la vocal del INE enfatiz\u00f3 \u201ces una responsabilidad ciudadana ejercer derechos y cumplir obligaciones para una verdadera ciudadan\u00eda, es importante participar en diferentes mecanismos de la ley para llevar a cabo el ejercicio de nuestros derechos ciudadanos\u201d.<\/p>\n\n\n\n<p>Respecto a la contingencia sanitaria por COVID-19, apunt\u00f3 que ser\u00e1n implementados los protocolos emitidos por las autoridades sanitarias con la finalidad de dar certeza a los ciudadanos, funcionarios y personal; y de esta manera evitar contagios.<\/p>\n","protected":false},"excerpt":{"rendered":"<p>La vocal del registro federal de electorales de la Junta Local del Instituto Nacional Electoral (INE) en Hidalgo, Ana Alicia Hoyo Chalit, asegur\u00f3 que el organismo se encuentra listo para realizar la consulta popular del pr\u00f3ximo domingo primero de agosto. En entrevista para el programa \u201cAl Aire\u201d del Sistema de Radio y Televisi\u00f3n de Hidalgo [&hellip;]<\/p>\n","protected":false},"author":73,"featured_media":174152,"comment_status":"closed","ping_status":"closed","sticky":false,"template":"","format":"standard","meta":{"footnotes":""},"categories":[59],"tags":[],"class_list":["post-174151","post","type-post","status-publish","format-standard","has-post-thumbnail","hentry","category-general"],"_links":{"self":[{"href":"https:\/\/plazajuarez.mx\/historico\/wp-json\/wp\/v2\/posts\/174151","targetHints":{"allow":["GET"]}}],"collection":[{"href":"https:\/\/plazajuarez.mx\/historico\/wp-json\/wp\/v2\/posts"}],"about":[{"href":"https:\/\/plazajuarez.mx\/historico\/wp-json\/wp\/v2\/types\/post"}],"author":[{"embeddable":true,"href":"https:\/\/plazajuarez.mx\/historico\/wp-json\/wp\/v2\/users\/73"}],"replies":[{"embeddable":true,"href":"https:\/\/plazajuarez.mx\/historico\/wp-json\/wp\/v2\/comments?post=174151"}],"version-history":[{"count":0,"href":"https:\/\/plazajuarez.mx\/historico\/wp-json\/wp\/v2\/posts\/174151\/revisions"}],"wp:featuredmedia":[{"embeddable":true,"href":"https:\/\/plazajuarez.mx\/historico\/wp-json\/wp\/v2\/media\/174152"}],"wp:attachment":[{"href":"https:\/\/plazajuarez.mx\/historico\/wp-json\/wp\/v2\/media?parent=174151"}],"wp:term":[{"taxonomy":"category","embeddable":true,"href":"https:\/\/plazajuarez.mx\/historico\/wp-json\/wp\/v2\/categories?post=174151"},{"taxonomy":"post_tag","embeddable":true,"href":"https:\/\/plazajuarez.mx\/historico\/wp-json\/wp\/v2\/tags?post=174151"}],"curies":[{"name":"wp","href":"https:\/\/api.w.org\/{rel}","templated":true}]}}