{"id":174145,"date":"2021-07-29T08:03:00","date_gmt":"2021-07-29T13:03:00","guid":{"rendered":"https:\/\/plazajuarez.mx\/?p=174145"},"modified":"2021-07-29T09:37:34","modified_gmt":"2021-07-29T14:37:34","slug":"entregan-instalaciones","status":"publish","type":"post","link":"https:\/\/plazajuarez.mx\/historico\/entregan-instalaciones\/","title":{"rendered":"Entregan instalaciones a Sandra Alicia Ordo\u00f1ez"},"content":{"rendered":"\n<p>Ayer, unos minutos despu\u00e9s de las tres de la tarde un agente hizo entrega de las instalaciones de la sede estatal de morena a Sandra Alicia Ordo\u00f1ez, presidenta del Comit\u00e9 Ejecutivo Estatal de este partido, luego de que el edificio hubiese sido tomado por personas a quien Ordo\u00f1ez ha acusado de hacer \u201ccorriente\u201d.&nbsp;<\/p>\n\n\n\n<p>El agente Flores, dio un recorrido al comit\u00e9 y coment\u00f3 que en algunas habitaciones se utiliz\u00f3 el uso de la fuerza para poder acceder, pues estaban cerradas. Mencion\u00f3 que hab\u00eda una mujer atrincherada en la habitaci\u00f3n seis en el momento en que trajeron la orden de cateo; tambi\u00e9n aseguraron equipos de c\u00f3mputo y mobiliario y dijo que el DVR de las c\u00e1maras no ha sido encontrado.<\/p>\n\n\n\n<p>Ordo\u00f1ez, reconoci\u00f3 el trabajo de la procuradur\u00eda y expres\u00f3 que ya hab\u00eda tenido un acercamiento con el grupo de personas que hab\u00edan tomado la sede, pero que \u201cno hubo un claro y preciso pliego petitorio\u201d. Notific\u00f3 que faltan algunos objetos y que el material que iban a ocupar para la campa\u00f1a pasada est\u00e1 desaparecido.<\/p>\n\n\n\n<p>Expres\u00f3 que ya hay denuncias, por lo sucedido, contra \u201cArmando Morter, Guadalupe Ordaz y quienes resulten responsables\u201d. Agreg\u00f3 que el Comit\u00e9 Ejecutivo Estatal est\u00e1 haciendo recorridos en todo el territorio hidalguense: \u201cayer fuimos a la Huasteca a aclarar situaciones en que estas personas fueron a decir que hab\u00eda un comit\u00e9 interino y que iban a entregar nuevas dirigencias, situaci\u00f3n que el Comit\u00e9 Ejecutivo Nacional y el Consejo Nacional son los facultados para emitir convocatorias en los procesos internos del partido\u201d.<\/p>\n","protected":false},"excerpt":{"rendered":"<p>Ayer, unos minutos despu\u00e9s de las tres de la tarde un agente hizo entrega de las instalaciones de la sede estatal de morena a Sandra Alicia Ordo\u00f1ez, presidenta del Comit\u00e9 Ejecutivo Estatal de este partido, luego de que el edificio hubiese sido tomado por personas a quien Ordo\u00f1ez ha acusado de hacer \u201ccorriente\u201d.&nbsp; El agente [&hellip;]<\/p>\n","protected":false},"author":101,"featured_media":174146,"comment_status":"closed","ping_status":"closed","sticky":false,"template":"","format":"standard","meta":{"footnotes":""},"categories":[59],"tags":[],"class_list":["post-174145","post","type-post","status-publish","format-standard","has-post-thumbnail","hentry","category-general"],"_links":{"self":[{"href":"https:\/\/plazajuarez.mx\/historico\/wp-json\/wp\/v2\/posts\/174145","targetHints":{"allow":["GET"]}}],"collection":[{"href":"https:\/\/plazajuarez.mx\/historico\/wp-json\/wp\/v2\/posts"}],"about":[{"href":"https:\/\/plazajuarez.mx\/historico\/wp-json\/wp\/v2\/types\/post"}],"author":[{"embeddable":true,"href":"https:\/\/plazajuarez.mx\/historico\/wp-json\/wp\/v2\/users\/101"}],"replies":[{"embeddable":true,"href":"https:\/\/plazajuarez.mx\/historico\/wp-json\/wp\/v2\/comments?post=174145"}],"version-history":[{"count":0,"href":"https:\/\/plazajuarez.mx\/historico\/wp-json\/wp\/v2\/posts\/174145\/revisions"}],"wp:featuredmedia":[{"embeddable":true,"href":"https:\/\/plazajuarez.mx\/historico\/wp-json\/wp\/v2\/media\/174146"}],"wp:attachment":[{"href":"https:\/\/plazajuarez.mx\/historico\/wp-json\/wp\/v2\/media?parent=174145"}],"wp:term":[{"taxonomy":"category","embeddable":true,"href":"https:\/\/plazajuarez.mx\/historico\/wp-json\/wp\/v2\/categories?post=174145"},{"taxonomy":"post_tag","embeddable":true,"href":"https:\/\/plazajuarez.mx\/historico\/wp-json\/wp\/v2\/tags?post=174145"}],"curies":[{"name":"wp","href":"https:\/\/api.w.org\/{rel}","templated":true}]}}