{"id":17404,"date":"2016-02-18T13:11:51","date_gmt":"2016-02-18T13:11:51","guid":{"rendered":"http:\/\/plazajuarez.mx\/index\/index.php\/2016\/02\/18\/laguna-de-voces-117\/"},"modified":"2016-02-18T13:11:51","modified_gmt":"2016-02-18T13:11:51","slug":"laguna-de-voces-117","status":"publish","type":"post","link":"https:\/\/plazajuarez.mx\/historico\/laguna-de-voces-117\/","title":{"rendered":"LAGUNA DE VOCES"},"content":{"rendered":"<p>* Cofe, el defensor de los golpeados<\/p>\n<p>  <!--more-->  <\/p>\n<p>\u00a0<\/p>\n<p>Tuve un compa\u00f1ero en la secundaria de apellido Cofe, que con toda seguridad habr\u00e1 terminado como \u00e9l mismo lo anticipaba cuando besaba a su novia en el sal\u00f3n de clases, y dec\u00eda que el futuro que le esperaba no podr\u00eda se otro que la c\u00e1rcel, o una muerte violenta, porque as\u00ed estaba marcado, y porque deb\u00eda cumplir el destino que desde ni\u00f1o supo que tendr\u00eda.<\/p>\n<p>\u00a0\u00a0\u00a0\u00a0\u00a0\u00a0\u00a0\u00a0\u00a0\u00a0\u00a0 Con la nariz chueca por una patada que le dieron en una de tantas peleas, cicatrices en los brazos y el cuello, alguna vez dej\u00f3 entrever que su padre era el autor de muchas de las golpizas, y que su madre se conformaba con pedirle resignaci\u00f3n. Siempre terminaba la pl\u00e1tica con un solo juramento, \u201ccuando tenga edad lo voy a matar\u201d.<\/p>\n<p>\u00a0\u00a0\u00a0\u00a0\u00a0\u00a0\u00a0\u00a0\u00a0\u00a0\u00a0 Jugaba todos los d\u00edas a correr en la barda de unos dos metros de altura que rodeaba la escuela. Ni una sola vez se cay\u00f3, aunque lo deseaba en ocasiones que llegaba especialmente hastiado de la furia de su pap\u00e1 y la actitud de su mam\u00e1 que no conceb\u00eda siquiera la idea de dejar al marido.<\/p>\n<p>\u00a0\u00a0\u00a0\u00a0\u00a0\u00a0\u00a0\u00a0\u00a0\u00a0\u00a0 Y con todo era un joven bondadoso, nunca de los que participaban en lo que ahora llaman \u201cbullying\u201d, y que no era otra cosa en estos tiempos que agarrar al m\u00e1s desvalido y cobarde de encargo hasta hacerlo reventar. Al contrario, asum\u00eda la responsabilidad de cuidar por ese grupo selecto y amargo de los que bajan los ojos cuando son golpeados.<\/p>\n<p>\u00a0\u00a0\u00a0\u00a0\u00a0\u00a0\u00a0\u00a0\u00a0\u00a0\u00a0 Hacer la cuenta de las veces que se agarr\u00f3 a trompadas con los que sobajaban a quienes no se defend\u00edan, llevar\u00eda un tiempo enorme, tanto como los tres a\u00f1os de la secundaria en que un nutrido n\u00famero de temblorosos y espantadizos acabaron por verlo como un verdadero salvador.<\/p>\n<p>\u00a0\u00a0\u00a0\u00a0\u00a0\u00a0\u00a0\u00a0\u00a0\u00a0\u00a0 De alg\u00fan modo convertirse en el defensor de los indefensos le permit\u00eda sacar la rabia que llevaba dentro, la furia, la desesperaci\u00f3n por no poder hacer nada contra el padre golpeador, que solo aceptaba intercambiar la golpiza que le iba a propinar a su madre o a un hermano menor, si Cofe aceptaba recibir lo que llamaba castigo ejemplar.<\/p>\n<p>\u00a0\u00a0\u00a0\u00a0\u00a0\u00a0\u00a0\u00a0\u00a0\u00a0\u00a0 Al otro d\u00eda de esos hechos llegaba cabizbajo, se dir\u00eda que triste, pero m\u00e1s que tristeza era una resignaci\u00f3n al destino que ya se asomaba desde ese entonces a su vida. \u201cLa c\u00e1rcel o la muerte\u201d, repet\u00eda antes de echarse a llorar sin que nadie, absolutamente nadie, pudiera atreverse a emitir el m\u00e1s m\u00ednimo gesto de burla.<\/p>\n<p>\u00a0\u00a0\u00a0\u00a0\u00a0\u00a0\u00a0\u00a0\u00a0\u00a0\u00a0 Lo respetaban, lo respet\u00e1bamos porque a muchos salv\u00f3 del horror del grupo dedicado a pegarle al que se espantaba; pero tambi\u00e9n a esos mismos que ejerc\u00edan el terror como modo de vida, les inspiraba una profunda comprensi\u00f3n, un acuerdo sin palabras en que se dir\u00eda que lo admiraban porque transformaba el terror que viv\u00eda en su hogar, en una capacidad \u00fanica para salir al quite de los que siempre lloraban al primer golpe en la cara. Ellos no.<\/p>\n<p>\u00a0\u00a0\u00a0\u00a0\u00a0\u00a0\u00a0\u00a0\u00a0\u00a0\u00a0 Cuando salimos de la secundaria me dijo que la vida ser\u00eda buena conmigo porque, despu\u00e9s de todo, no era mala persona. Me aconsej\u00f3 no dejarme nunca de nadie, y responder a una trompada con otra, una patada con otra, una ofensa con muchos golpes si era necesario.<\/p>\n<p>\u00a0\u00a0\u00a0\u00a0\u00a0\u00a0\u00a0\u00a0\u00a0\u00a0\u00a0 Le pregunt\u00e9 d\u00f3nde har\u00eda la preparatoria. Est\u00e1 claro que ya no seguir\u00eda sus estudios, porque el padre solo esperaba el certificado de secundaria para meterlo a trabajar en qui\u00e9n sabe qu\u00e9 lugar, pero con obligaci\u00f3n de aportar al gasto de la casa.<\/p>\n<p>\u00a0\u00a0\u00a0\u00a0\u00a0\u00a0\u00a0\u00a0\u00a0\u00a0\u00a0 Haber sido el defensor de todos los d\u00e9biles del sal\u00f3n siempre le acarre\u00f3 la admiraci\u00f3n de las compa\u00f1eras pr\u00e1cticamente de toda la escuela. As\u00ed que por novias nunca pudo quejarse.<\/p>\n<p>\u00a0\u00a0\u00a0\u00a0\u00a0\u00a0\u00a0\u00a0\u00a0\u00a0\u00a0 Sin embargo, y desde esa edad, ten\u00eda muy en claro que no deseaba tener hijos nunca, y s\u00ed en cambio procurar todo lo que fuera necesario para que junto con su hermano y su mam\u00e1 alg\u00fan d\u00eda pudieran huir a otro estado del pa\u00eds. Y por supuesto, en el momento menos pensado, hacer pagar a su pap\u00e1 por todo lo que les hab\u00eda hecho.<\/p>\n<p>\u00a0\u00a0\u00a0\u00a0\u00a0\u00a0\u00a0\u00a0\u00a0\u00a0\u00a0 Cofe era un muchacho de coraz\u00f3n noble, y de eso pueden dar testimonios los 30 y tantos que salv\u00f3 de golpizas diarias en la secundaria. Simplemente lo hac\u00eda porque cre\u00eda que era de justicia no permitir que unos, igual que \u00e9l, desquitaran su furia con otros tambi\u00e9n espantados ante la vida.<\/p>\n<p>\u00a0\u00a0\u00a0\u00a0\u00a0\u00a0\u00a0\u00a0\u00a0\u00a0\u00a0 Hace m\u00e1s de 40 a\u00f1os de aquello y deseo con toda sinceridad, que Cofe haya podido escaparse del destino miserable que \u00e9l estaba seguro deb\u00eda cumplir. Que se haya casado y tenido hijos a los que pueda contar los tiempos en que se convirti\u00f3 en el defensor de los m\u00e1s espantados de la escuela secundaria.<\/p>\n<p>\u00a0<\/p>\n<p>Mil gracias, hasta ma\u00f1ana.<\/p>\n<p>\u00a0<\/p>\n<p><a href=\"mailto:peraltajav@gmail.com\">peraltajav@gmail.com<\/a><\/p>\n<p>twitter: @JavierEPeralta<\/p>\n<p>\u00a0<\/p>\n<p>CITA:<\/p>\n<p>\u00a0<\/p>\n<p>\u00a0\u00a0\u00a0\u00a0\u00a0\u00a0\u00a0\u00a0\u00a0\u00a0\u00a0 <em>Lo respetaban, lo respet\u00e1bamos porque a muchos salv\u00f3 del horror del grupo dedicado a pegarle al que se espantaba; pero tambi\u00e9n a esos mismos que ejerc\u00edan el terror como modo de vida, les inspiraba una profunda comprensi\u00f3n, un acuerdo sin palabras en que se dir\u00eda que lo admiraban porque transformaba el terror que viv\u00eda en su hogar, en una capacidad \u00fanica para salir al quite de los que siempre lloraban al primer golpe en la cara. Ellos no.<\/em><\/p>\n<p>\u00a0<\/p>\n<p>\u00a0\u00a0\u00a0\u00a0\u00a0\u00a0\u00a0\u00a0\u00a0\u00a0\u00a0<\/p>\n<p>\u00a0<\/p>\n<p>\u00a0<\/p>\n","protected":false},"excerpt":{"rendered":"<p>* Cofe, el defensor de los golpeados<\/p>\n","protected":false},"author":93,"featured_media":0,"comment_status":"open","ping_status":"open","sticky":false,"template":"","format":"standard","meta":{"footnotes":""},"categories":[49],"tags":[],"class_list":["post-17404","post","type-post","status-publish","format-standard","hentry","category-javier-peralta"],"_links":{"self":[{"href":"https:\/\/plazajuarez.mx\/historico\/wp-json\/wp\/v2\/posts\/17404","targetHints":{"allow":["GET"]}}],"collection":[{"href":"https:\/\/plazajuarez.mx\/historico\/wp-json\/wp\/v2\/posts"}],"about":[{"href":"https:\/\/plazajuarez.mx\/historico\/wp-json\/wp\/v2\/types\/post"}],"author":[{"embeddable":true,"href":"https:\/\/plazajuarez.mx\/historico\/wp-json\/wp\/v2\/users\/93"}],"replies":[{"embeddable":true,"href":"https:\/\/plazajuarez.mx\/historico\/wp-json\/wp\/v2\/comments?post=17404"}],"version-history":[{"count":0,"href":"https:\/\/plazajuarez.mx\/historico\/wp-json\/wp\/v2\/posts\/17404\/revisions"}],"wp:attachment":[{"href":"https:\/\/plazajuarez.mx\/historico\/wp-json\/wp\/v2\/media?parent=17404"}],"wp:term":[{"taxonomy":"category","embeddable":true,"href":"https:\/\/plazajuarez.mx\/historico\/wp-json\/wp\/v2\/categories?post=17404"},{"taxonomy":"post_tag","embeddable":true,"href":"https:\/\/plazajuarez.mx\/historico\/wp-json\/wp\/v2\/tags?post=17404"}],"curies":[{"name":"wp","href":"https:\/\/api.w.org\/{rel}","templated":true}]}}