{"id":173999,"date":"2021-07-28T09:01:03","date_gmt":"2021-07-28T14:01:03","guid":{"rendered":"https:\/\/plazajuarez.mx\/?p=173999"},"modified":"2021-07-28T09:01:18","modified_gmt":"2021-07-28T14:01:18","slug":"variantes-tepeji","status":"publish","type":"post","link":"https:\/\/plazajuarez.mx\/historico\/variantes-tepeji\/","title":{"rendered":"Suman esfuerzos contra la Covid-19 y sus variantes, en Tepeji"},"content":{"rendered":"\n<p>Tepeji del R\u00edo.- En Tepeji suman esfuerzos todos los sectores de la sociedad en materia de salud para el combate al virus SARS-CoV-2 y sus variantes, ante el incremento de cifras de contagio de la enfermedad COVID-19.<\/p>\n\n\n\n<p>La Comisi\u00f3n de Agua y l\u00edderes, operadores y concesionarios del transporte p\u00fablico tipo taxi realizaron la sanitizaci\u00f3n de unidades.<\/p>\n\n\n\n<p>El transporte p\u00fablico es una necesidad fundamental en la sociedad, es por ello que se seguir\u00e1n implementando la sanitizaci\u00f3n de forma permanente para abarcar el mayor n\u00famero de veh\u00edculos.<\/p>\n\n\n\n<p>De la misma manera, el sector comercial coordina esfuerzos con la direcci\u00f3n de Reglamentos para realizar, con la brigada de la Comisi\u00f3n de Agua, la sanitizaci\u00f3n de los establecimientos.<\/p>\n\n\n\n<p>Es necesario mantener las medidas de prevenci\u00f3n como lo es el uso obligatorio de cubrebocas, lavado constante de manos, uso de gel antibacterial y mantener el distanciamiento social.<\/p>\n","protected":false},"excerpt":{"rendered":"<p>Tepeji del R\u00edo.- En Tepeji suman esfuerzos todos los sectores de la sociedad en materia de salud para el combate al virus SARS-CoV-2 y sus variantes, ante el incremento de cifras de contagio de la enfermedad COVID-19. La Comisi\u00f3n de Agua y l\u00edderes, operadores y concesionarios del transporte p\u00fablico tipo taxi realizaron la sanitizaci\u00f3n de [&hellip;]<\/p>\n","protected":false},"author":93,"featured_media":174000,"comment_status":"closed","ping_status":"closed","sticky":false,"template":"","format":"standard","meta":{"footnotes":""},"categories":[40],"tags":[],"class_list":["post-173999","post","type-post","status-publish","format-standard","has-post-thumbnail","hentry","category-region"],"_links":{"self":[{"href":"https:\/\/plazajuarez.mx\/historico\/wp-json\/wp\/v2\/posts\/173999","targetHints":{"allow":["GET"]}}],"collection":[{"href":"https:\/\/plazajuarez.mx\/historico\/wp-json\/wp\/v2\/posts"}],"about":[{"href":"https:\/\/plazajuarez.mx\/historico\/wp-json\/wp\/v2\/types\/post"}],"author":[{"embeddable":true,"href":"https:\/\/plazajuarez.mx\/historico\/wp-json\/wp\/v2\/users\/93"}],"replies":[{"embeddable":true,"href":"https:\/\/plazajuarez.mx\/historico\/wp-json\/wp\/v2\/comments?post=173999"}],"version-history":[{"count":0,"href":"https:\/\/plazajuarez.mx\/historico\/wp-json\/wp\/v2\/posts\/173999\/revisions"}],"wp:featuredmedia":[{"embeddable":true,"href":"https:\/\/plazajuarez.mx\/historico\/wp-json\/wp\/v2\/media\/174000"}],"wp:attachment":[{"href":"https:\/\/plazajuarez.mx\/historico\/wp-json\/wp\/v2\/media?parent=173999"}],"wp:term":[{"taxonomy":"category","embeddable":true,"href":"https:\/\/plazajuarez.mx\/historico\/wp-json\/wp\/v2\/categories?post=173999"},{"taxonomy":"post_tag","embeddable":true,"href":"https:\/\/plazajuarez.mx\/historico\/wp-json\/wp\/v2\/tags?post=173999"}],"curies":[{"name":"wp","href":"https:\/\/api.w.org\/{rel}","templated":true}]}}