{"id":173993,"date":"2021-07-28T08:54:09","date_gmt":"2021-07-28T13:54:09","guid":{"rendered":"https:\/\/plazajuarez.mx\/?p=173993"},"modified":"2021-07-28T08:54:22","modified_gmt":"2021-07-28T13:54:22","slug":"vicente-charrez","status":"publish","type":"post","link":"https:\/\/plazajuarez.mx\/historico\/vicente-charrez\/","title":{"rendered":"Vicente Charrez no formar\u00e1 parte del gabinete en la pr\u00f3xima administraci\u00f3n"},"content":{"rendered":"\n<p><strong>\u00a0<\/strong><\/p>\n\n\n\n<p>Ixmiquilpan.- El excandidato a la presidencia municipal de Ixmiquilpan, Vicente Charrez, no formar\u00e1 parte del gabinete en la pr\u00f3xima administraci\u00f3n, confirm\u00f3 ante medios, debido a que no ha sido convocado ni ha sido parte de su inter\u00e9s, dijo.\u00a0<\/p>\n\n\n\n<p>\u201cDe mi parte, no estoy ni interesado, ni invitado, ni mucho menos, de participar en la administraci\u00f3n p\u00fablica, ni en el estado, ni en la federaci\u00f3n\u201d.&nbsp;<\/p>\n\n\n\n<p>Sostuvo, que mantendr\u00e1 su vigencia p\u00fablica y labor social.&nbsp;<\/p>\n\n\n\n<p>Dijo que su papel y participaci\u00f3n en la vida p\u00fablica de Ixmiquilpan, no es de ocasi\u00f3n, por lo que continuar\u00e1 trabajando con su organizaci\u00f3n social. \u201cLo vengo haciendo desde hace mucho tiempo, lo&nbsp; seguir\u00e9 haciendo, no soy un pol\u00edtico de ocasi\u00f3n ni de una campa\u00f1a\u201d.&nbsp;<\/p>\n\n\n\n<p>Vicente Charrez fue electo alcalde en octubre del a\u00f1o pasado, sin embargo, el Tribunal Electoral del Poder Judicial de la Federaci\u00f3n (TEPJF), revoc\u00f3 su triunfo, convocando a nuevas elecciones.&nbsp;<\/p>\n\n\n\n<p>Tras el fallo, Charrez fue designado candidato a diputado local por el Partido del Trabajo (PT), candidatura que tambi\u00e9n el TEPJF revoc\u00f3.&nbsp;<\/p>\n\n\n\n<p>Tras su fallida participaci\u00f3n y aspiraci\u00f3n a cargos p\u00fablicos, asegur\u00f3, seguir\u00e1 trabajando en el municipal desde el \u00e1mbito social.&nbsp;<\/p>\n\n\n\n<p>Vicente Charrez, es fundador de la organizaci\u00f3n Avance, la cual cre\u00f3 a la par que las de sus hermanos Pascual y Cipriano, SION y MIO, respectivamente.&nbsp;<\/p>\n","protected":false},"excerpt":{"rendered":"<p>\u00a0 Ixmiquilpan.- El excandidato a la presidencia municipal de Ixmiquilpan, Vicente Charrez, no formar\u00e1 parte del gabinete en la pr\u00f3xima administraci\u00f3n, confirm\u00f3 ante medios, debido a que no ha sido convocado ni ha sido parte de su inter\u00e9s, dijo.\u00a0 \u201cDe mi parte, no estoy ni interesado, ni invitado, ni mucho menos, de participar en la [&hellip;]<\/p>\n","protected":false},"author":75,"featured_media":173994,"comment_status":"closed","ping_status":"closed","sticky":false,"template":"","format":"standard","meta":{"footnotes":""},"categories":[40],"tags":[],"class_list":["post-173993","post","type-post","status-publish","format-standard","has-post-thumbnail","hentry","category-region"],"_links":{"self":[{"href":"https:\/\/plazajuarez.mx\/historico\/wp-json\/wp\/v2\/posts\/173993","targetHints":{"allow":["GET"]}}],"collection":[{"href":"https:\/\/plazajuarez.mx\/historico\/wp-json\/wp\/v2\/posts"}],"about":[{"href":"https:\/\/plazajuarez.mx\/historico\/wp-json\/wp\/v2\/types\/post"}],"author":[{"embeddable":true,"href":"https:\/\/plazajuarez.mx\/historico\/wp-json\/wp\/v2\/users\/75"}],"replies":[{"embeddable":true,"href":"https:\/\/plazajuarez.mx\/historico\/wp-json\/wp\/v2\/comments?post=173993"}],"version-history":[{"count":0,"href":"https:\/\/plazajuarez.mx\/historico\/wp-json\/wp\/v2\/posts\/173993\/revisions"}],"wp:featuredmedia":[{"embeddable":true,"href":"https:\/\/plazajuarez.mx\/historico\/wp-json\/wp\/v2\/media\/173994"}],"wp:attachment":[{"href":"https:\/\/plazajuarez.mx\/historico\/wp-json\/wp\/v2\/media?parent=173993"}],"wp:term":[{"taxonomy":"category","embeddable":true,"href":"https:\/\/plazajuarez.mx\/historico\/wp-json\/wp\/v2\/categories?post=173993"},{"taxonomy":"post_tag","embeddable":true,"href":"https:\/\/plazajuarez.mx\/historico\/wp-json\/wp\/v2\/tags?post=173993"}],"curies":[{"name":"wp","href":"https:\/\/api.w.org\/{rel}","templated":true}]}}