{"id":17399,"date":"2016-02-18T13:11:40","date_gmt":"2016-02-18T13:11:40","guid":{"rendered":"http:\/\/plazajuarez.mx\/index\/index.php\/2016\/02\/18\/viene-el-relevo-en-infonavit\/"},"modified":"2016-02-18T13:11:40","modified_gmt":"2016-02-18T13:11:40","slug":"viene-el-relevo-en-infonavit","status":"publish","type":"post","link":"https:\/\/plazajuarez.mx\/historico\/viene-el-relevo-en-infonavit\/","title":{"rendered":"Viene el relevo en Infonavit"},"content":{"rendered":"<p>Bajo Reserva Expr\u00e9s\u00a0\u00a0 \u00a0<\/p>\n<p>  <!--more-->  <\/p>\n<p>Una vez que el Papa Francisco abandone el territorio nacional, algunos asuntos pol\u00edticos internos seguir\u00e1n su curso. <br \/>Es el caso, nos confirman, de la designaci\u00f3n del director del Infonavit que recaer\u00e1 en el senador priista por Hidalgo, David Penchyna. <br \/>El legislador se gan\u00f3 a pulso el ingreso al gabinete ampliado por su participaci\u00f3n en la consolidaci\u00f3n de la reforma energ\u00e9tica del presidente Enrique Pe\u00f1a Nieto y luego por su disciplina en el proceso de elecci\u00f3n interna del candidato del PRI al gobierno de Hidalgo, al que aspiraba y que recay\u00f3 en el senador Omar Fayad, nos comentan. <br \/>Don David llegar\u00e1 en las pr\u00f3ximas horas a ocupar el puesto que dej\u00f3 vacante Alejandro Murat, ahora candidato tricolor a la gubernatura de Oaxaca. \u00a0\u00a0 \u00a0\u00a0\u00a0 \u00a0<\/p>\n","protected":false},"excerpt":{"rendered":"<p>Bajo Reserva Expr\u00e9s\u00a0\u00a0 \u00a0<\/p>\n","protected":false},"author":93,"featured_media":0,"comment_status":"open","ping_status":"open","sticky":false,"template":"","format":"standard","meta":{"footnotes":""},"categories":[42],"tags":[],"class_list":["post-17399","post","type-post","status-publish","format-standard","hentry","category-nuestrapalabra"],"_links":{"self":[{"href":"https:\/\/plazajuarez.mx\/historico\/wp-json\/wp\/v2\/posts\/17399","targetHints":{"allow":["GET"]}}],"collection":[{"href":"https:\/\/plazajuarez.mx\/historico\/wp-json\/wp\/v2\/posts"}],"about":[{"href":"https:\/\/plazajuarez.mx\/historico\/wp-json\/wp\/v2\/types\/post"}],"author":[{"embeddable":true,"href":"https:\/\/plazajuarez.mx\/historico\/wp-json\/wp\/v2\/users\/93"}],"replies":[{"embeddable":true,"href":"https:\/\/plazajuarez.mx\/historico\/wp-json\/wp\/v2\/comments?post=17399"}],"version-history":[{"count":0,"href":"https:\/\/plazajuarez.mx\/historico\/wp-json\/wp\/v2\/posts\/17399\/revisions"}],"wp:attachment":[{"href":"https:\/\/plazajuarez.mx\/historico\/wp-json\/wp\/v2\/media?parent=17399"}],"wp:term":[{"taxonomy":"category","embeddable":true,"href":"https:\/\/plazajuarez.mx\/historico\/wp-json\/wp\/v2\/categories?post=17399"},{"taxonomy":"post_tag","embeddable":true,"href":"https:\/\/plazajuarez.mx\/historico\/wp-json\/wp\/v2\/tags?post=17399"}],"curies":[{"name":"wp","href":"https:\/\/api.w.org\/{rel}","templated":true}]}}