{"id":1734,"date":"2015-03-04T06:00:00","date_gmt":"2015-03-04T06:00:00","guid":{"rendered":"http:\/\/plazajuarez.mx\/index\/index.php\/2015\/03\/04\/pide-ai-a-nueva-procuradora-incluir-toda-linea-de-investigacion-sobre-normalistas\/"},"modified":"2015-03-04T06:00:00","modified_gmt":"2015-03-04T06:00:00","slug":"pide-ai-a-nueva-procuradora-incluir-toda-linea-de-investigacion-sobre-normalistas","status":"publish","type":"post","link":"https:\/\/plazajuarez.mx\/historico\/pide-ai-a-nueva-procuradora-incluir-toda-linea-de-investigacion-sobre-normalistas\/","title":{"rendered":"Pide AI a nueva procuradora incluir &#8216;toda  l\u00ednea de investigaci\u00f3n&#8217; sobre normalistas"},"content":{"rendered":"<p>M\u00e9xico, DF.- Una se\u00f1al de compromiso con los derechos humanos por parte de la nueva titular de la Procuradur\u00eda General de la Rep\u00fablica (PGR), Arely G\u00f3mez, ser\u00eda agotar todas las l\u00edneas de investigaci\u00f3n en el caso de los normalistas de Ayotzinapa desaparecidos, incluida la supuesta participaci\u00f3n del Ej\u00e9rcito en los hechos, indic\u00f3 Amnist\u00eda Internacional (AI) M\u00e9xico.<\/p>\n<p>  <!--more-->  <\/p>\n<p>\u00a0<\/p>\n<p>G\u00f3mez, \u201cdijo que se agotar\u00edan todas las l\u00edneas de investigaci\u00f3n en los casos. S\u00e9 que lo dijo de manera gen\u00e9rica, pero habr\u00e1 que ver que no sean solamente declaraciones, sino actos, en casos como el de Ayotzinapa\u201d, se\u00f1al\u00f3 el director ejecutivo de AI en M\u00e9xico, Perseo Quiroz. (Agencias)<\/p>\n","protected":false},"excerpt":{"rendered":"<p>M\u00e9xico, DF.- Una se\u00f1al de compromiso con los derechos humanos por parte de la nueva titular de la Procuradur\u00eda General de la Rep\u00fablica (PGR), Arely G\u00f3mez, ser\u00eda agotar todas las l\u00edneas de investigaci\u00f3n en el caso de los normalistas de Ayotzinapa desaparecidos, incluida la supuesta participaci\u00f3n del Ej\u00e9rcito en los hechos, indic\u00f3 Amnist\u00eda Internacional (AI) [&hellip;]<\/p>\n","protected":false},"author":93,"featured_media":0,"comment_status":"open","ping_status":"open","sticky":false,"template":"","format":"standard","meta":{"footnotes":""},"categories":[36],"tags":[],"class_list":["post-1734","post","type-post","status-publish","format-standard","hentry","category-nacion"],"_links":{"self":[{"href":"https:\/\/plazajuarez.mx\/historico\/wp-json\/wp\/v2\/posts\/1734","targetHints":{"allow":["GET"]}}],"collection":[{"href":"https:\/\/plazajuarez.mx\/historico\/wp-json\/wp\/v2\/posts"}],"about":[{"href":"https:\/\/plazajuarez.mx\/historico\/wp-json\/wp\/v2\/types\/post"}],"author":[{"embeddable":true,"href":"https:\/\/plazajuarez.mx\/historico\/wp-json\/wp\/v2\/users\/93"}],"replies":[{"embeddable":true,"href":"https:\/\/plazajuarez.mx\/historico\/wp-json\/wp\/v2\/comments?post=1734"}],"version-history":[{"count":0,"href":"https:\/\/plazajuarez.mx\/historico\/wp-json\/wp\/v2\/posts\/1734\/revisions"}],"wp:attachment":[{"href":"https:\/\/plazajuarez.mx\/historico\/wp-json\/wp\/v2\/media?parent=1734"}],"wp:term":[{"taxonomy":"category","embeddable":true,"href":"https:\/\/plazajuarez.mx\/historico\/wp-json\/wp\/v2\/categories?post=1734"},{"taxonomy":"post_tag","embeddable":true,"href":"https:\/\/plazajuarez.mx\/historico\/wp-json\/wp\/v2\/tags?post=1734"}],"curies":[{"name":"wp","href":"https:\/\/api.w.org\/{rel}","templated":true}]}}