{"id":173397,"date":"2021-07-24T12:25:38","date_gmt":"2021-07-24T17:25:38","guid":{"rendered":"https:\/\/plazajuarez.mx\/?p=173397"},"modified":"2021-07-24T12:25:51","modified_gmt":"2021-07-24T17:25:51","slug":"cancilleres-de-mexico-y-colombia-prometen-cooperar-en-pandemia-y-economia","status":"publish","type":"post","link":"https:\/\/plazajuarez.mx\/historico\/cancilleres-de-mexico-y-colombia-prometen-cooperar-en-pandemia-y-economia\/","title":{"rendered":"Cancilleres de M\u00e9xico y Colombia prometen cooperar en pandemia y econom\u00eda"},"content":{"rendered":"\n<p>El canciller mexicano, Marcelo Ebrard, y la ministra de Relaciones Exteriores y vicepresidenta de Colombia, Marta Luc\u00eda Ram\u00edrez, prometieron cooperar en turismo, pandemia, comercio y seguridad tras una reuni\u00f3n en la capital mexicana.<\/p>\n\n\n\n<p>&#8220;En un marco de cordialidad y de entendimiento, ambos cancilleres sostuvieron una reuni\u00f3n bilateral en la cual revisaron los principales temas de la agenda com\u00fan y refrendaron su compromiso por reforzar en el hemisferio el di\u00e1logo pol\u00edtico&#8221;, informaron en un comunicado conjunto.<\/p>\n\n\n\n<p>El encuentro ocurre en el marco de la cumbre presencial de la Comunidad de Estados Latinoamericanos y Caribe\u00f1os (Celac) que se celebra este s\u00e1bado en Ciudad de M\u00e9xico, donde los cancilleres de la regi\u00f3n buscar\u00e1n mecanismos para conseguir m\u00e1s vacunas contra la covid-19 para la regi\u00f3n.<\/p>\n\n\n\n<p>En su reuni\u00f3n previa, los cancilleres de Colombia y M\u00e9xico &#8220;coincidieron en la urgente necesidad de lograr un despliegue r\u00e1pido y equitativo de tratamientos para el covid-19, especialmente las vacunas&#8221;, que consideran un &#8220;bien p\u00fablico global&#8221;.<\/p>\n\n\n\n<p>Mientras hay m\u00e1s 10,8 millones de colombianos con el esquema completo de vacunaci\u00f3n, cerca del 21 % de su poblaci\u00f3n, en M\u00e9xico hay 23,1 millones de personas completamente inmunizadas, tambi\u00e9n alrededor del 20 %.<\/p>\n\n\n\n<p>Los cancilleres tambi\u00e9n abordaron la admisi\u00f3n de viajeros colombianos a M\u00e9xico, en medio de denuncias de discriminaci\u00f3n de agentes migratorios, en particular en el Aeropuerto Internacional de Ciudad de M\u00e9xico (AICM).<\/p>\n\n\n\n<p>Colombia representa ahora la segunda fuente de turistas internacionales en M\u00e9xico, de acuerdo con la Unidad de Pol\u00edtica Migratoria de la Secretar\u00eda mexicana de Gobernaci\u00f3n (Segob).<\/p>\n\n\n\n<p>&#8220;Reafirmaron el compromiso de abordar conjuntamente la situaci\u00f3n de inadmisiones en los puntos de internaci\u00f3n en M\u00e9xico con plena observancia de los derechos de los viajeros y del marco normativo establecido&#8221;, se\u00f1al\u00f3 el bolet\u00edn.<\/p>\n\n\n\n<p>Los funcionarios tambi\u00e9n &#8220;reiteraron su compromiso&#8221; con la Alianza del Pac\u00edfico, en la que tambi\u00e9n est\u00e1n Chile y Per\u00fa, con la promesa de revisar a otros candidatos, como Ecuador.<\/p>\n\n\n\n<p>Asimismo, ofrecieron &#8220;fortalecer las C\u00e1maras de Comercio Binacionales&#8221; para identificar &#8220;mayores oportunidades de comercio e inversi\u00f3n bilateral&#8221;.<\/p>\n\n\n\n<p>Colombia le exporta a M\u00e9xico cerca de 1.400 millones de d\u00f3lares, mientras M\u00e9xico a Colombia unos 3.700 millones de d\u00f3lares por a\u00f1o, de acuerdo con la embajada del pa\u00eds suramericano.<\/p>\n\n\n\n<p>Por otro lado, los cancilleres exhortaron a establecer un Grupo de Alto Nivel de Seguridad (Ganseg).<\/p>\n\n\n\n<p>Ofrecieron &#8220;una agenda amplia y ambiciosa para combatir el narcotr\u00e1fico, el crimen organizado y la corrupci\u00f3n, coordinando acciones conjuntas para asegurar el intercambio de informaci\u00f3n y el fortalecimiento de su cooperaci\u00f3n a nivel bilateral y multilateral para lograr desarticular el crimen&#8221;.<\/p>\n\n\n\n<p>Los funcionaros acordaron presidir la tercera &#8220;Reuni\u00f3n del Consejo de Relaci\u00f3n Estrat\u00e9gica en Colombia&#8221;, en agosto de 2021.<\/p>\n\n\n\n<p>Tambi\u00e9n celebrar\u00e1n el \u201cD\u00eda de la amistad entre Colombia y M\u00e9xico\u201d el pr\u00f3ximo 10 de octubre.<\/p>\n","protected":false},"excerpt":{"rendered":"<p>El canciller mexicano, Marcelo Ebrard, y la ministra de Relaciones Exteriores y vicepresidenta de Colombia, Marta Luc\u00eda Ram\u00edrez, prometieron cooperar en turismo, pandemia, comercio y seguridad tras una reuni\u00f3n en la capital mexicana. &#8220;En un marco de cordialidad y de entendimiento, ambos cancilleres sostuvieron una reuni\u00f3n bilateral en la cual revisaron los principales temas de [&hellip;]<\/p>\n","protected":false},"author":80,"featured_media":173398,"comment_status":"closed","ping_status":"closed","sticky":false,"template":"","format":"standard","meta":{"footnotes":""},"categories":[15,36],"tags":[],"class_list":["post-173397","post","type-post","status-publish","format-standard","has-post-thumbnail","hentry","category-destacadas","category-nacion"],"_links":{"self":[{"href":"https:\/\/plazajuarez.mx\/historico\/wp-json\/wp\/v2\/posts\/173397","targetHints":{"allow":["GET"]}}],"collection":[{"href":"https:\/\/plazajuarez.mx\/historico\/wp-json\/wp\/v2\/posts"}],"about":[{"href":"https:\/\/plazajuarez.mx\/historico\/wp-json\/wp\/v2\/types\/post"}],"author":[{"embeddable":true,"href":"https:\/\/plazajuarez.mx\/historico\/wp-json\/wp\/v2\/users\/80"}],"replies":[{"embeddable":true,"href":"https:\/\/plazajuarez.mx\/historico\/wp-json\/wp\/v2\/comments?post=173397"}],"version-history":[{"count":0,"href":"https:\/\/plazajuarez.mx\/historico\/wp-json\/wp\/v2\/posts\/173397\/revisions"}],"wp:featuredmedia":[{"embeddable":true,"href":"https:\/\/plazajuarez.mx\/historico\/wp-json\/wp\/v2\/media\/173398"}],"wp:attachment":[{"href":"https:\/\/plazajuarez.mx\/historico\/wp-json\/wp\/v2\/media?parent=173397"}],"wp:term":[{"taxonomy":"category","embeddable":true,"href":"https:\/\/plazajuarez.mx\/historico\/wp-json\/wp\/v2\/categories?post=173397"},{"taxonomy":"post_tag","embeddable":true,"href":"https:\/\/plazajuarez.mx\/historico\/wp-json\/wp\/v2\/tags?post=173397"}],"curies":[{"name":"wp","href":"https:\/\/api.w.org\/{rel}","templated":true}]}}