{"id":173371,"date":"2021-07-24T11:28:39","date_gmt":"2021-07-24T16:28:39","guid":{"rendered":"https:\/\/plazajuarez.mx\/?p=173371"},"modified":"2021-07-24T11:28:58","modified_gmt":"2021-07-24T16:28:58","slug":"vincularon-a-dos-mas-por-caso-uruchurtu","status":"publish","type":"post","link":"https:\/\/plazajuarez.mx\/historico\/vincularon-a-dos-mas-por-caso-uruchurtu\/","title":{"rendered":"Vincularon a dos m\u00e1s por caso Uruchurtu"},"content":{"rendered":"\n<p>Otros dos detenidos por la desaparici\u00f3n de la activista Claudia Uruchurtu Cruz, ocurrida el 26 de marzo de 2021 en Asunci\u00f3n Nochixtl\u00e1n, municipio de la regi\u00f3n Mixteca, fueron vinculados a proceso y se les dict\u00f3 prisi\u00f3n preventiva, inform\u00f3 la Fiscal\u00eda General del Estado de Oaxaca (FGEO).<\/p>\n\n\n\n<p>De acuerdo con la instancia de procuraci\u00f3n de justicia, se trata de un hombre y una mujer identificados con las siglas R. A. B., alias &#8220;El Colas&#8221; y N. Y. V. J., sobre quienes el Juez de Control encontr\u00f3 suficientes indicios para vincularlos a proceso por los hechos asentados en la causa penal 203\/2021.<\/p>\n\n\n\n<p>Seg\u00fan el expediente, el pasado 26 de marzo de 2021, Claudia Uruchurtu fue vista por \u00faltima vez en inmediaciones del palacio municipal de Asunci\u00f3n Nochixtl\u00e1n, luego de participar en una manifestaci\u00f3n contra las autoridades municipales: Testigos aseguraron que observaron c\u00f3mo fue subida por la fuerza a un veh\u00edculo.<\/p>\n\n\n\n<p>Con estas dos personas suman cinco los detenidos, vinculados a proceso y encarcelados por la desaparici\u00f3n de la activista, luego de la ratificaci\u00f3n del proceso por desaparici\u00f3n forzada en contra de la a\u00fan edil morenista de Nochixtl\u00e1n, Lizbeth Victoria Huerta, su guardaespaldas y el asesor jur\u00eddico del ayuntamiento.<\/p>\n\n\n\n<p>La Fiscal\u00eda explica que en audiencia, y tras validar los datos de prueba proporcionados, el juez en turno determin\u00f3 vincular a proceso a los dos nuevos imputados, imponi\u00e9ndose la medida cautelar de prisi\u00f3n preventiva oficiosa y otorgando cuatro meses para el cierre de investigaci\u00f3n complementaria.<\/p>\n","protected":false},"excerpt":{"rendered":"<p>Otros dos detenidos por la desaparici\u00f3n de la activista Claudia Uruchurtu Cruz, ocurrida el 26 de marzo de 2021 en Asunci\u00f3n Nochixtl\u00e1n, municipio de la regi\u00f3n Mixteca, fueron vinculados a proceso y se les dict\u00f3 prisi\u00f3n preventiva, inform\u00f3 la Fiscal\u00eda General del Estado de Oaxaca (FGEO). De acuerdo con la instancia de procuraci\u00f3n de justicia, [&hellip;]<\/p>\n","protected":false},"author":81,"featured_media":173372,"comment_status":"closed","ping_status":"closed","sticky":false,"template":"","format":"standard","meta":{"footnotes":""},"categories":[37],"tags":[],"class_list":["post-173371","post","type-post","status-publish","format-standard","has-post-thumbnail","hentry","category-barandilla"],"_links":{"self":[{"href":"https:\/\/plazajuarez.mx\/historico\/wp-json\/wp\/v2\/posts\/173371","targetHints":{"allow":["GET"]}}],"collection":[{"href":"https:\/\/plazajuarez.mx\/historico\/wp-json\/wp\/v2\/posts"}],"about":[{"href":"https:\/\/plazajuarez.mx\/historico\/wp-json\/wp\/v2\/types\/post"}],"author":[{"embeddable":true,"href":"https:\/\/plazajuarez.mx\/historico\/wp-json\/wp\/v2\/users\/81"}],"replies":[{"embeddable":true,"href":"https:\/\/plazajuarez.mx\/historico\/wp-json\/wp\/v2\/comments?post=173371"}],"version-history":[{"count":0,"href":"https:\/\/plazajuarez.mx\/historico\/wp-json\/wp\/v2\/posts\/173371\/revisions"}],"wp:featuredmedia":[{"embeddable":true,"href":"https:\/\/plazajuarez.mx\/historico\/wp-json\/wp\/v2\/media\/173372"}],"wp:attachment":[{"href":"https:\/\/plazajuarez.mx\/historico\/wp-json\/wp\/v2\/media?parent=173371"}],"wp:term":[{"taxonomy":"category","embeddable":true,"href":"https:\/\/plazajuarez.mx\/historico\/wp-json\/wp\/v2\/categories?post=173371"},{"taxonomy":"post_tag","embeddable":true,"href":"https:\/\/plazajuarez.mx\/historico\/wp-json\/wp\/v2\/tags?post=173371"}],"curies":[{"name":"wp","href":"https:\/\/api.w.org\/{rel}","templated":true}]}}