{"id":1733,"date":"2015-03-04T06:00:00","date_gmt":"2015-03-04T06:00:00","guid":{"rendered":"http:\/\/plazajuarez.mx\/index\/index.php\/2015\/03\/04\/la-batalla-entre-iran-y-el-is-no-debe-convertir-a-teheran-en-amigo-de-eu-netanyahu\/"},"modified":"2015-03-04T06:00:00","modified_gmt":"2015-03-04T06:00:00","slug":"la-batalla-entre-iran-y-el-is-no-debe-convertir-a-teheran-en-amigo-de-eu-netanyahu","status":"publish","type":"post","link":"https:\/\/plazajuarez.mx\/historico\/la-batalla-entre-iran-y-el-is-no-debe-convertir-a-teheran-en-amigo-de-eu-netanyahu\/","title":{"rendered":"&#8216;La batalla entre Ir\u00e1n y el IS no debe convertir  a Teher\u00e1n en amigo de EU&#8217; Netanyahu:"},"content":{"rendered":"<ul>\n<li><strong><strong>Pol\u00e9mica intervenci\u00f3n en el Capitolio<\/strong><\/strong> <!--more--> \u00a0<\/li>\n<\/ul>\n<p>Washington.- &#8220;Os garantizo una cosa: aquellos d\u00edas en los que el pueblo jud\u00edo permanec\u00eda pasivo cuando afrontaba el genocidio, aquellos d\u00edas han pasado. No estamos m\u00e1s desperdigados entre las naciones, indefensos, incapaces de defendernos. Por primera vez en 100 generaciones, nosotros, el pueblo jud\u00edo, somos capaces de defendernos&#8221;.<\/p>\n<p>Con frases como \u00e9sas, Benjamin Netanyahu fue interrumpido 43 veces por los aplausos del Congreso de EU. A ojo, es una vez por minuto. Aunque no todos aplaudieron siempre. Cuando Netanyahu se deshizo en elogios al presidente de EU, Barack Obama, s\u00f3lo los dem\u00f3cratas aplaudieron.<\/p>\n<p>Contra un Ir\u00e1n nuclear arremeti\u00f3 Netanyahu en un discurso que arranc\u00f3 declarando que iba a estar dedicado &#8220;a la supervivencia de mi pa\u00eds, a la supervivencia de mi pueblo&#8221;. El primer ministro israel\u00ed se remont\u00f3 nada menos que al Deuteronomio, una secci\u00f3n del Antiguo Testamento que tambi\u00e9n forma parte del texto masor\u00e9tico -la versi\u00f3n hebrea de la Biblia- donde se relata el intento de exterminio de los jud\u00edos por el visir persa Haman. &#8220;Hoy, el pueblo jud\u00edo afronta otro intento de aniquilaci\u00f3n de otro potentado persa&#8221;, dijo Netanyahu. El Haman actual es el L\u00edder Supremo de Ir\u00e1n, el ayatol\u00e1 Al\u00ed Jamenei.<\/p>\n<p>Precisamente, la noche de ayer los jud\u00edos celebraron la fiesta del Purim, en la que se conmemora el intento de genocidio de Haman. Un intento de genocidio del que no hay base hist\u00f3rica. Y que, en cualquier caso, acab\u00f3 mal para los persas, ya que los jud\u00edos mataron a 75.000 de ellos, incluyendo a Haman y a sus hijos, seg\u00fan el texto can\u00f3nico.<\/p>\n<p>Seg\u00fan Netanyahu, el problema va m\u00e1s all\u00e1 de Israel. Y, si no se abandonan todas las negociaciones nucleares con Ir\u00e1n y se le exige que abandone su programa nuclear y su programa de misiles bal\u00edsticos como condici\u00f3n inexcusable para el levantamiento de las sanciones, el mundo correr\u00e1 el peligro de una Tercera Guerra Mundial.<\/p>\n<p>As\u00ed lo insinu\u00f3 Netanyahu. &#8220;El r\u00e9gimen de Ir\u00e1n no es simplemente un problema jud\u00edo, del mismo modo que la Alemania nazi no era simplemente un problema jud\u00edo. Los seis millones de jud\u00edos asesinados por los nazis solo fueron una fracci\u00f3n de los 60 millones de muertos en la Segunda Guerra Mundial. As\u00ed pues, Ir\u00e1n representa una grave amenaza, no solo para Israel, sino para la paz de todo el mundo&#8221;.<\/p>\n<p><strong>Respuesta de Obama<\/strong><\/p>\n<p>El presidente de EU, Barack Obama, afirm\u00f3 que el primer ministro israel\u00ed,\u00a0 ofreci\u00f3 hoy &#8220;alternativas viables&#8221; a las negociaciones con Ir\u00e1n sobre su programa nuclear en su pol\u00e9mico discurso ante el Congreso estadounidense.<\/p>\n<p>Por su parte, la l\u00edder de la minor\u00eda dem\u00f3crata en la C\u00e1mara de Representantes, Nancy Pelosi, consider\u00f3 el discurso del primer ministro israel\u00ed ante el pleno del Congreso estadounidense como un &#8220;insulto a la inteligencia de EU&#8221; que le hizo estar &#8220;al borde de las l\u00e1grimas&#8221;.<\/p>\n<p>Pelosi, una de las legisladoras con m\u00e1s poder en el Legislativo estadounidense, subray\u00f3 los &#8220;lazos inquebrantables&#8221; que unen a los dos pa\u00edses m\u00e1s all\u00e1 de los partidos que est\u00e9n en sus gobiernos, por lo que, dijo, se sinti\u00f3 &#8220;muy entristecida por el insulto a la inteligencia de EU&#8221; que ejerci\u00f3 el primer ministro israel\u00ed en su discurso al hablar sobre las negociaciones con Ir\u00e1n. (Agencias)<\/p>\n","protected":false},"excerpt":{"rendered":"<p>Pol\u00e9mica intervenci\u00f3n en el Capitolio<\/p>\n","protected":false},"author":93,"featured_media":0,"comment_status":"open","ping_status":"open","sticky":false,"template":"","format":"standard","meta":{"footnotes":""},"categories":[31],"tags":[],"class_list":["post-1733","post","type-post","status-publish","format-standard","hentry","category-orbe"],"_links":{"self":[{"href":"https:\/\/plazajuarez.mx\/historico\/wp-json\/wp\/v2\/posts\/1733","targetHints":{"allow":["GET"]}}],"collection":[{"href":"https:\/\/plazajuarez.mx\/historico\/wp-json\/wp\/v2\/posts"}],"about":[{"href":"https:\/\/plazajuarez.mx\/historico\/wp-json\/wp\/v2\/types\/post"}],"author":[{"embeddable":true,"href":"https:\/\/plazajuarez.mx\/historico\/wp-json\/wp\/v2\/users\/93"}],"replies":[{"embeddable":true,"href":"https:\/\/plazajuarez.mx\/historico\/wp-json\/wp\/v2\/comments?post=1733"}],"version-history":[{"count":0,"href":"https:\/\/plazajuarez.mx\/historico\/wp-json\/wp\/v2\/posts\/1733\/revisions"}],"wp:attachment":[{"href":"https:\/\/plazajuarez.mx\/historico\/wp-json\/wp\/v2\/media?parent=1733"}],"wp:term":[{"taxonomy":"category","embeddable":true,"href":"https:\/\/plazajuarez.mx\/historico\/wp-json\/wp\/v2\/categories?post=1733"},{"taxonomy":"post_tag","embeddable":true,"href":"https:\/\/plazajuarez.mx\/historico\/wp-json\/wp\/v2\/tags?post=1733"}],"curies":[{"name":"wp","href":"https:\/\/api.w.org\/{rel}","templated":true}]}}