{"id":173292,"date":"2021-07-23T17:59:55","date_gmt":"2021-07-23T22:59:55","guid":{"rendered":"https:\/\/plazajuarez.mx\/?p=173292"},"modified":"2021-07-23T18:00:11","modified_gmt":"2021-07-23T23:00:11","slug":"cdmx-3","status":"publish","type":"post","link":"https:\/\/plazajuarez.mx\/historico\/cdmx-3\/","title":{"rendered":"CDMX pasa a riesgo alto por aumento de contagios en j\u00f3venes"},"content":{"rendered":"\n<p>La Ciudad de M\u00e9xico se encuentra en sem\u00e1foro epidemiol\u00f3gico naranja (de riesgo alto) por el aumento en las \u00faltimas semanas en casos de contagios de j\u00f3venes con la covid-19, a pesar de que no habr\u00e1 nuevas medidas de restricci\u00f3n, inform\u00f3 este viernes el Gobierno de la capital.<\/p>\n\n\n\n<p>La ausencia de nuevas medidas se debe -seg\u00fan report\u00f3 la jefa de Gobierno, Claudia Sheinbaum- a que la semana que viene se iniciar\u00e1 la vacunaci\u00f3n a personas entre 18 y 29 a\u00f1os y a que el aumento en hospitalizaciones no es demasiado significativo.<\/p>\n\n\n\n<p>Por otra parte, despu\u00e9s de varias semanas con un gran aumento en pruebas positivas, esta semana se estabiliz\u00f3 la positividad, afirm\u00f3.<\/p>\n\n\n\n<p>&#8220;Hay una parte muy importante y es que esta semana pasada se estabiliz\u00f3 la positividad. Lo mejor es seguir vacunando, vacunando y vacunando. Y en particular darle un mensajes a los j\u00f3venes, que nos ayuden para evitar mayor numero de contagios&#8221;, detall\u00f3 Sheinbaum.<\/p>\n\n\n\n<p>Por su parte, Eduardo Clark, director general de Gobierno Digital de la Agencia Digital de Innovaci\u00f3n P\u00fablica (ADIP), insisti\u00f3 en que la positividad de pruebas de la \u00faltima semana puede ser &#8220;se\u00f1al temprana de que se est\u00e1 estabilizando&#8221;.<\/p>\n\n\n\n<p>De nuevo recordaron que esta tercera ola de contagios est\u00e1 muy centralizada en las personas de 18 a 39 a\u00f1os.<\/p>\n\n\n\n<p>El dato de los contagios de personas en ese rango de edad representa casi dos terceras partes de los que se llegaron a presentar entre esa poblaci\u00f3n en el punto de m\u00e1ximos contagios. En tanto, los contagios en personas entre 60 y 69 a\u00f1os representan una quinta parte.<\/p>\n\n\n\n<p>En cuanto al n\u00famero de personas hospitalizadas, la cifra aument\u00f3 en 587 hasta los 2.458, situando la ocupaci\u00f3n en el 63 % en la capital, teniendo margen para aumentar la capacidad, detallaron.<\/p>\n\n\n\n<p>En la secci\u00f3n de la poblaci\u00f3n de 18 a 29 a\u00f1os &#8220;no hay curva ascendente de hospitalizaciones aunque en la de 30 a 39 s\u00ed, levemente&#8221;, concret\u00f3 Clark.<\/p>\n\n\n\n<p>La semana pr\u00f3xima se inicia la vacunaci\u00f3n de los j\u00f3venes entre 18 y 29 a\u00f1os, aunque todav\u00eda no se conocen los detalles. Pero las autoridades conf\u00edan en que esta ola se controlar\u00e1 mejor cuantas m\u00e1s personas est\u00e9n vacunadas.<\/p>\n\n\n\n<p>De hecho, el 100 % de las personas de m\u00e1s de 60 a\u00f1os tuvo ya acceso a la pauta completa de vacunaci\u00f3n y se espera que el 27 de julio pase lo mismo con las personas entre 50 y 59 a\u00f1os.<\/p>\n\n\n\n<p>Mientras, suceder\u00e1 lo mismo el 7 de septiembre en la poblaci\u00f3n entre 40 y 49 a\u00f1os; el 14 de septiembre entre las personas de 40 y 49 a\u00f1os. Quienes est\u00e1n entre los 30 y 39 a\u00f1os habr\u00e1n tenido acceso a ambas dosis tambi\u00e9n el 14 de septiembre.<\/p>\n\n\n\n<p>Por \u00faltimo, esperan que las personas entre 18 y 29 a\u00f1os est\u00e9n vacunadas con pauta completa el 12 de octubre.<\/p>\n\n\n\n<p>En la ciudad se han inoculado, hasta el momento, 7,65 millones de dosis de vacunas.<\/p>\n","protected":false},"excerpt":{"rendered":"<p>La Ciudad de M\u00e9xico se encuentra en sem\u00e1foro epidemiol\u00f3gico naranja (de riesgo alto) por el aumento en las \u00faltimas semanas en casos de contagios de j\u00f3venes con la covid-19, a pesar de que no habr\u00e1 nuevas medidas de restricci\u00f3n, inform\u00f3 este viernes el Gobierno de la capital. La ausencia de nuevas medidas se debe -seg\u00fan [&hellip;]<\/p>\n","protected":false},"author":80,"featured_media":173293,"comment_status":"closed","ping_status":"closed","sticky":false,"template":"","format":"standard","meta":{"footnotes":""},"categories":[15,36],"tags":[],"class_list":["post-173292","post","type-post","status-publish","format-standard","has-post-thumbnail","hentry","category-destacadas","category-nacion"],"_links":{"self":[{"href":"https:\/\/plazajuarez.mx\/historico\/wp-json\/wp\/v2\/posts\/173292","targetHints":{"allow":["GET"]}}],"collection":[{"href":"https:\/\/plazajuarez.mx\/historico\/wp-json\/wp\/v2\/posts"}],"about":[{"href":"https:\/\/plazajuarez.mx\/historico\/wp-json\/wp\/v2\/types\/post"}],"author":[{"embeddable":true,"href":"https:\/\/plazajuarez.mx\/historico\/wp-json\/wp\/v2\/users\/80"}],"replies":[{"embeddable":true,"href":"https:\/\/plazajuarez.mx\/historico\/wp-json\/wp\/v2\/comments?post=173292"}],"version-history":[{"count":0,"href":"https:\/\/plazajuarez.mx\/historico\/wp-json\/wp\/v2\/posts\/173292\/revisions"}],"wp:featuredmedia":[{"embeddable":true,"href":"https:\/\/plazajuarez.mx\/historico\/wp-json\/wp\/v2\/media\/173293"}],"wp:attachment":[{"href":"https:\/\/plazajuarez.mx\/historico\/wp-json\/wp\/v2\/media?parent=173292"}],"wp:term":[{"taxonomy":"category","embeddable":true,"href":"https:\/\/plazajuarez.mx\/historico\/wp-json\/wp\/v2\/categories?post=173292"},{"taxonomy":"post_tag","embeddable":true,"href":"https:\/\/plazajuarez.mx\/historico\/wp-json\/wp\/v2\/tags?post=173292"}],"curies":[{"name":"wp","href":"https:\/\/api.w.org\/{rel}","templated":true}]}}