{"id":173281,"date":"2021-07-23T15:04:13","date_gmt":"2021-07-23T20:04:13","guid":{"rendered":"https:\/\/plazajuarez.mx\/?p=173281"},"modified":"2021-07-23T15:04:29","modified_gmt":"2021-07-23T20:04:29","slug":"con-curso-en-linea-sep-capacita-a-personal-para-regreso","status":"publish","type":"post","link":"https:\/\/plazajuarez.mx\/historico\/con-curso-en-linea-sep-capacita-a-personal-para-regreso\/","title":{"rendered":"Con curso en l\u00ednea, SEP capacita a personal para regreso"},"content":{"rendered":"\n<p>La Secretar\u00eda de Educaci\u00f3n P\u00fablica (SEP) inform\u00f3 que mediante el curso masivo en l\u00ednea Retorno Seguro, se proporcionan las estrategias que contribuyan a disminuir el riesgo de contagios por SARS-Cov-2 entre los integrantes de las comunidades escolares para fortalecer un regreso seguro a clases presenciales al ciclo escolar 2021-2022.<\/p>\n\n\n\n<p>El curso, que no tiene fecha de inicio ni termino de inscripci\u00f3n, ya que, fue dise\u00f1ado con la intenci\u00f3n de que docentes, madres, padres de familia, tutores y p\u00fablico en general, puedan identificar brotes y cortar cadenas de contagios.<\/p>\n\n\n\n<p>&#8220;Retorno Seguro fue desarrollado en colaboraci\u00f3n con la Secretaria de Salud, el Instituto Mexicano del Seguro Social (IMSS), el Instituto de Seguridad y Servicios Sociales de los Trabajadores del Estado (ISSSTE), as\u00ed como con la participaci\u00f3n de la Agencia Mexicana de Cooperaci\u00f3n Internacional para el Desarrollo (AMEXCID) y de la Organizaci\u00f3n de Estados Iberoamericanos (OEI)&#8221;, indic\u00f3 la SEP.<\/p>\n\n\n\n<p>Precis\u00f3 que el curso tiene entre sus objetivos, el de buscar aplicar estrategias para brindar soporte socioemocional a la comunidad educativa.<\/p>\n\n\n\n<p>&#8220;Con esto, se podr\u00e1n desarrollar, en los distintos niveles educativos, competencias como la identificaci\u00f3n de casos sospechosos y confirmados de Covid-19 para su adecuado monitoreo y seguimiento&#8221;, dijo en un comunicado.<\/p>\n\n\n\n<p>Por lo que para cada nivel educativo hay un curso en el que se abordaran los temas se\u00f1alados conforme al p\u00fablico al que se encuentra dirigido.<\/p>\n\n\n\n<p>Al concluir el curso respectivo, cada uno con duraci\u00f3n de 10 horas, a los participantes se les otorgar\u00e1 un certificado con reconocimiento oficial, con lo que podr\u00e1n acreditar su participaci\u00f3n en el mismo.<\/p>\n\n\n\n<p>Los interesados en participar podr\u00e1n registrarse en la p\u00e1gina https:\/\/climss.imss.gob.mx\/.<\/p>\n\n\n\n<p>En el curso, disponible desde el 21 de mayo, ya participan a la fecha en Educaci\u00f3n B\u00e1sica 260 mil 423 personas; en Media Superior, 155 mil 271, y en Educaci\u00f3n Superior 127 mil 703 personas.<\/p>\n","protected":false},"excerpt":{"rendered":"<p>La Secretar\u00eda de Educaci\u00f3n P\u00fablica (SEP) inform\u00f3 que mediante el curso masivo en l\u00ednea Retorno Seguro, se proporcionan las estrategias que contribuyan a disminuir el riesgo de contagios por SARS-Cov-2 entre los integrantes de las comunidades escolares para fortalecer un regreso seguro a clases presenciales al ciclo escolar 2021-2022. El curso, que no tiene fecha [&hellip;]<\/p>\n","protected":false},"author":81,"featured_media":163345,"comment_status":"closed","ping_status":"closed","sticky":false,"template":"","format":"standard","meta":{"footnotes":""},"categories":[59],"tags":[],"class_list":["post-173281","post","type-post","status-publish","format-standard","has-post-thumbnail","hentry","category-general"],"_links":{"self":[{"href":"https:\/\/plazajuarez.mx\/historico\/wp-json\/wp\/v2\/posts\/173281","targetHints":{"allow":["GET"]}}],"collection":[{"href":"https:\/\/plazajuarez.mx\/historico\/wp-json\/wp\/v2\/posts"}],"about":[{"href":"https:\/\/plazajuarez.mx\/historico\/wp-json\/wp\/v2\/types\/post"}],"author":[{"embeddable":true,"href":"https:\/\/plazajuarez.mx\/historico\/wp-json\/wp\/v2\/users\/81"}],"replies":[{"embeddable":true,"href":"https:\/\/plazajuarez.mx\/historico\/wp-json\/wp\/v2\/comments?post=173281"}],"version-history":[{"count":0,"href":"https:\/\/plazajuarez.mx\/historico\/wp-json\/wp\/v2\/posts\/173281\/revisions"}],"wp:featuredmedia":[{"embeddable":true,"href":"https:\/\/plazajuarez.mx\/historico\/wp-json\/wp\/v2\/media\/163345"}],"wp:attachment":[{"href":"https:\/\/plazajuarez.mx\/historico\/wp-json\/wp\/v2\/media?parent=173281"}],"wp:term":[{"taxonomy":"category","embeddable":true,"href":"https:\/\/plazajuarez.mx\/historico\/wp-json\/wp\/v2\/categories?post=173281"},{"taxonomy":"post_tag","embeddable":true,"href":"https:\/\/plazajuarez.mx\/historico\/wp-json\/wp\/v2\/tags?post=173281"}],"curies":[{"name":"wp","href":"https:\/\/api.w.org\/{rel}","templated":true}]}}