{"id":173178,"date":"2021-07-23T09:51:33","date_gmt":"2021-07-23T14:51:33","guid":{"rendered":"https:\/\/plazajuarez.mx\/?p=173178"},"modified":"2021-07-23T09:51:43","modified_gmt":"2021-07-23T14:51:43","slug":"rinde-protesta-araceli-beltran","status":"publish","type":"post","link":"https:\/\/plazajuarez.mx\/historico\/rinde-protesta-araceli-beltran\/","title":{"rendered":"Rinde protesta Araceli Beltr\u00e1n"},"content":{"rendered":"\n<p><strong>.- Ixmiquilpan<\/strong><\/p>\n\n\n\n<p>Seguridad p\u00fablica, recuperaci\u00f3n econ\u00f3mica, trasparencia, rendici\u00f3n de cuentas y un gobierno m\u00e1s humano y eficiente, ofreci\u00f3 la alcaldesa Araceli Beltr\u00e1n, al rendir protesta en una ceremonia limitada a invitados especiales, la sociedad civil se qued\u00f3 fuera de las vallas met\u00e1licas, debido a la crisis sanitaria.&nbsp;<\/p>\n\n\n\n<p>En su primer discurso al frente del Poder Ejecutivo Municipal, destac\u00f3, que entre sus primeros cambios como gobierno ser\u00e1 el de la cercan\u00eda con la poblaci\u00f3n, la rendici\u00f3n de cuentas sobre el ejercicio p\u00fablico y los recursos.&nbsp;<\/p>\n\n\n\n<p>Para ello, ofreci\u00f3 el uso de las nuevas tecnolog\u00edas para informar sobre el estado que guarda la administraci\u00f3n.&nbsp;Subray\u00f3, que los retos son enormes frente a la nueva realidad.&nbsp;<\/p>\n\n\n\n<p>Destac\u00f3 tambi\u00e9n que Ixmiquilpan debe ampliar su oferta tur\u00edstica, \u201cla cultura ser\u00e1 fundamental en este objetivo\u201d.&nbsp;<\/p>\n\n\n\n<p>\u201cMe comprometo a ser un gobierno de puertas abiertas, en el que se trabaje de la mano de la gente\u201d, en este prop\u00f3sito, de fij\u00f3 como meta inmediata, 100 d\u00edas para hacer un corte y evaluaci\u00f3n de los primeros resultados de su administraci\u00f3n.&nbsp;<\/p>\n\n\n\n<p>Puntualiz\u00f3, que adem\u00e1s de la crisis sanitaria que se est\u00e1 viviendo en el municipio, est\u00e1 vigente la econ\u00f3mica, donde la recuperaci\u00f3n ha sido lenta. Para ese prop\u00f3sito, explic\u00f3 que se dispondr\u00e1 un plan de acci\u00f3n inmediato, comenzando por el impulso al consumo local, aprovechar sus vocaciones productivas y la aplicaci\u00f3n de nuevas tecnolog\u00edas para la oferta de productos a trav\u00e9s de una sola plataforma digital.&nbsp;<\/p>\n\n\n\n<p>Destac\u00f3 su papel como la primer mujer al frente del Poder Ejecutivo, un sue\u00f1o que dijo, \u201cha sido acariciando por varias generaciones de mujeres\u201d. Ofreci\u00f3 un gobierno con perspectiva de g\u00e9nero.&nbsp;<\/p>\n\n\n\n<p>El titular de la Contralor\u00eda en Hidalgo, C\u00e9sar Rom\u00e1n Mora, representante del Gobernador, Omar Fayad, ofreci\u00f3 el apoyo y respaldo del gobierno estatal.<\/p>\n\n\n\n<p>\u00a0<\/p>\n","protected":false},"excerpt":{"rendered":"<p>.- Ixmiquilpan Seguridad p\u00fablica, recuperaci\u00f3n econ\u00f3mica, trasparencia, rendici\u00f3n de cuentas y un gobierno m\u00e1s humano y eficiente, ofreci\u00f3 la alcaldesa Araceli Beltr\u00e1n, al rendir protesta en una ceremonia limitada a invitados especiales, la sociedad civil se qued\u00f3 fuera de las vallas met\u00e1licas, debido a la crisis sanitaria.&nbsp; En su primer discurso al frente del Poder [&hellip;]<\/p>\n","protected":false},"author":75,"featured_media":173180,"comment_status":"closed","ping_status":"closed","sticky":false,"template":"","format":"standard","meta":{"footnotes":""},"categories":[40],"tags":[],"class_list":["post-173178","post","type-post","status-publish","format-standard","has-post-thumbnail","hentry","category-region"],"_links":{"self":[{"href":"https:\/\/plazajuarez.mx\/historico\/wp-json\/wp\/v2\/posts\/173178","targetHints":{"allow":["GET"]}}],"collection":[{"href":"https:\/\/plazajuarez.mx\/historico\/wp-json\/wp\/v2\/posts"}],"about":[{"href":"https:\/\/plazajuarez.mx\/historico\/wp-json\/wp\/v2\/types\/post"}],"author":[{"embeddable":true,"href":"https:\/\/plazajuarez.mx\/historico\/wp-json\/wp\/v2\/users\/75"}],"replies":[{"embeddable":true,"href":"https:\/\/plazajuarez.mx\/historico\/wp-json\/wp\/v2\/comments?post=173178"}],"version-history":[{"count":0,"href":"https:\/\/plazajuarez.mx\/historico\/wp-json\/wp\/v2\/posts\/173178\/revisions"}],"wp:featuredmedia":[{"embeddable":true,"href":"https:\/\/plazajuarez.mx\/historico\/wp-json\/wp\/v2\/media\/173180"}],"wp:attachment":[{"href":"https:\/\/plazajuarez.mx\/historico\/wp-json\/wp\/v2\/media?parent=173178"}],"wp:term":[{"taxonomy":"category","embeddable":true,"href":"https:\/\/plazajuarez.mx\/historico\/wp-json\/wp\/v2\/categories?post=173178"},{"taxonomy":"post_tag","embeddable":true,"href":"https:\/\/plazajuarez.mx\/historico\/wp-json\/wp\/v2\/tags?post=173178"}],"curies":[{"name":"wp","href":"https:\/\/api.w.org\/{rel}","templated":true}]}}