{"id":173172,"date":"2021-07-23T09:45:26","date_gmt":"2021-07-23T14:45:26","guid":{"rendered":"https:\/\/plazajuarez.mx\/?p=173172"},"modified":"2021-07-23T09:45:37","modified_gmt":"2021-07-23T14:45:37","slug":"conflicto-limitrofe-no-hay-propuestas-economicas","status":"publish","type":"post","link":"https:\/\/plazajuarez.mx\/historico\/conflicto-limitrofe-no-hay-propuestas-economicas\/","title":{"rendered":"Conflicto lim\u00edtrofe, \u201cno hay propuestas econ\u00f3micas\u201d"},"content":{"rendered":"\n<p><strong>.- Chilcuautla<\/strong><\/p>\n\n\n\n<p>No hay propuestas econ\u00f3micas sobre la mesa, asegur\u00f3 el alcalde de Chilcuautla, Valente Mart\u00ednez Mayor, respecto al conflicto lim\u00edtrofe entre La Estancia y El Alberto, Ixmiquilpan, como asegurara el diputado local V\u00edctor Guerrero.&nbsp;<\/p>\n\n\n\n<p>Entrevistado al respecto, dijo que hay un avance importante en las negociaciones, \u201cen las que ha prevalecido el acuerdo y la armon\u00eda entre las dos comunidades, sin embargo, no se ha llegado al punto de lo econ\u00f3mico, por lo menos no ha sido tomado en cuenta sobre este tema en espec\u00edfico\u201d.&nbsp;<\/p>\n\n\n\n<p>Incluso, sostuvo, desconoce si este tema ser\u00e1 analizado por la siguiente legislatura. Pero precis\u00f3, que el caso ha sido atendido tambi\u00e9n por el gobierno del estado, donde el prop\u00f3sito fundamental, es garantizar la tranquilidad y la paz social, en ese sentido dijo, que las dos comunidades a pesar de las diferencias han transitado armoniosamente.&nbsp;<\/p>\n\n\n\n<p>El diputado local, V\u00edctor Guerrero, dio a conocer a Diario Plaza Ju\u00e1rez, que el avance en las negociaciones ha llegado ya al punto del acuerdo econ\u00f3mico, donde el presupuesto para finiquitar este conflicto, est\u00e1 entre los cinco y los 10 millones de pesos, incluso las pl\u00e1ticas permiten que en la siguiente legislatura se pueda ya analizar su inclusi\u00f3n en el Presupuesto de Egresos del siguiente a\u00f1o.&nbsp;<\/p>\n\n\n\n<p>Este conflicto se agudiz\u00f3 en 2008 con la muerte del ex alcalde de Ixmiquilpan, Cirilo Hern\u00e1ndez Quezada, quien ten\u00eda una parcela en los l\u00edmites en disputa, donde le dispararon con arma de fuego. En ese entonces, eran m\u00e1s de 80 las hect\u00e1reas en disputa, actualmente, suman poco m\u00e1s de 20 las que El Alberto reclama.<\/p>\n","protected":false},"excerpt":{"rendered":"<p>.- Chilcuautla No hay propuestas econ\u00f3micas sobre la mesa, asegur\u00f3 el alcalde de Chilcuautla, Valente Mart\u00ednez Mayor, respecto al conflicto lim\u00edtrofe entre La Estancia y El Alberto, Ixmiquilpan, como asegurara el diputado local V\u00edctor Guerrero.&nbsp; Entrevistado al respecto, dijo que hay un avance importante en las negociaciones, \u201cen las que ha prevalecido el acuerdo y [&hellip;]<\/p>\n","protected":false},"author":75,"featured_media":173174,"comment_status":"closed","ping_status":"closed","sticky":false,"template":"","format":"standard","meta":{"footnotes":""},"categories":[40],"tags":[],"class_list":["post-173172","post","type-post","status-publish","format-standard","has-post-thumbnail","hentry","category-region"],"_links":{"self":[{"href":"https:\/\/plazajuarez.mx\/historico\/wp-json\/wp\/v2\/posts\/173172","targetHints":{"allow":["GET"]}}],"collection":[{"href":"https:\/\/plazajuarez.mx\/historico\/wp-json\/wp\/v2\/posts"}],"about":[{"href":"https:\/\/plazajuarez.mx\/historico\/wp-json\/wp\/v2\/types\/post"}],"author":[{"embeddable":true,"href":"https:\/\/plazajuarez.mx\/historico\/wp-json\/wp\/v2\/users\/75"}],"replies":[{"embeddable":true,"href":"https:\/\/plazajuarez.mx\/historico\/wp-json\/wp\/v2\/comments?post=173172"}],"version-history":[{"count":0,"href":"https:\/\/plazajuarez.mx\/historico\/wp-json\/wp\/v2\/posts\/173172\/revisions"}],"wp:featuredmedia":[{"embeddable":true,"href":"https:\/\/plazajuarez.mx\/historico\/wp-json\/wp\/v2\/media\/173174"}],"wp:attachment":[{"href":"https:\/\/plazajuarez.mx\/historico\/wp-json\/wp\/v2\/media?parent=173172"}],"wp:term":[{"taxonomy":"category","embeddable":true,"href":"https:\/\/plazajuarez.mx\/historico\/wp-json\/wp\/v2\/categories?post=173172"},{"taxonomy":"post_tag","embeddable":true,"href":"https:\/\/plazajuarez.mx\/historico\/wp-json\/wp\/v2\/tags?post=173172"}],"curies":[{"name":"wp","href":"https:\/\/api.w.org\/{rel}","templated":true}]}}