{"id":1720,"date":"2015-03-04T06:00:00","date_gmt":"2015-03-04T06:00:00","guid":{"rendered":"http:\/\/plazajuarez.mx\/index\/index.php\/2015\/03\/04\/un-ratero-termino-en-el-hospital\/"},"modified":"2015-03-04T06:00:00","modified_gmt":"2015-03-04T06:00:00","slug":"un-ratero-termino-en-el-hospital","status":"publish","type":"post","link":"https:\/\/plazajuarez.mx\/historico\/un-ratero-termino-en-el-hospital\/","title":{"rendered":"Un ratero termin\u00f3 en el hospital"},"content":{"rendered":"<p>HURT\u00d3 UNA MOTONETA PERO LA DUE\u00d1A LO CORRETE\u00d3 Y VOLC\u00d3\u00a0<\/p>\n<p>  <!--more-->  <\/p>\n<p>\u00a0<\/p>\n<p>Una mala pasada le jug\u00f3 el destino a un presunto ladr\u00f3n, que se atrevi\u00f3 a hurtar una motoneta, s\u00f3lo que la due\u00f1a alcanz\u00f3 a percatarse de ello y se dio a la persecuci\u00f3n corriendo, para su fortuna metros adelante el indiciado perdi\u00f3 el control del biciclo y termino por volcar, resultando lesionado de consideraci\u00f3n y fue a parar a un nosocomio del municipio de Mixquiahuala.<\/p>\n<p>El il\u00edcito fue denunciado en la agencia del Ministerio P\u00fablico, donde se present\u00f3 la afectada que se identific\u00f3 como Citlalli Yaroslav \u201cN\u201d, quien relat\u00f3 al representante social que es propietaria de una motoneta marca Italika, color negra, modelo 2014, la cual dejo estacionada a las afueras de su vivienda.<\/p>\n<p>As\u00ed mismo abund\u00f3 en que el lunes anterior al filo de las 20:50 horas sali\u00f3 de su casa pero la motoneta ya se la llevaba una persona del sexo masculino, por lo que corri\u00f3 para alcanzar su veh\u00edculo y metros adelante el indiciado perdi\u00f3 el control de la unidad termin\u00f3 por volcar.<\/p>\n<p>Luego de reportar el hecho a la polic\u00eda, al lugar acudieron param\u00e9dicos, quienes le proporcionaron las primeras atenciones al herido y como su estado era grave decidieron su inmediato traslado al hospital Regional de Cinta Larga, donde fue ingresado a la sala de Urgencias, donde se le registr\u00f3 con el nombre de \u201cH\u00e9ctor\u201d, ello consta en la averiguaci\u00f3n previa n\u00famero 10\/331\/II\/2015, con la cual se le relaciona al herido quien qued\u00f3 bajo resguardo.<\/p>\n","protected":false},"excerpt":{"rendered":"<p>HURT\u00d3 UNA MOTONETA PERO LA DUE\u00d1A LO CORRETE\u00d3 Y VOLC\u00d3\u00a0<\/p>\n","protected":false},"author":93,"featured_media":0,"comment_status":"open","ping_status":"open","sticky":false,"template":"","format":"standard","meta":{"footnotes":""},"categories":[37],"tags":[],"class_list":["post-1720","post","type-post","status-publish","format-standard","hentry","category-barandilla"],"_links":{"self":[{"href":"https:\/\/plazajuarez.mx\/historico\/wp-json\/wp\/v2\/posts\/1720","targetHints":{"allow":["GET"]}}],"collection":[{"href":"https:\/\/plazajuarez.mx\/historico\/wp-json\/wp\/v2\/posts"}],"about":[{"href":"https:\/\/plazajuarez.mx\/historico\/wp-json\/wp\/v2\/types\/post"}],"author":[{"embeddable":true,"href":"https:\/\/plazajuarez.mx\/historico\/wp-json\/wp\/v2\/users\/93"}],"replies":[{"embeddable":true,"href":"https:\/\/plazajuarez.mx\/historico\/wp-json\/wp\/v2\/comments?post=1720"}],"version-history":[{"count":0,"href":"https:\/\/plazajuarez.mx\/historico\/wp-json\/wp\/v2\/posts\/1720\/revisions"}],"wp:attachment":[{"href":"https:\/\/plazajuarez.mx\/historico\/wp-json\/wp\/v2\/media?parent=1720"}],"wp:term":[{"taxonomy":"category","embeddable":true,"href":"https:\/\/plazajuarez.mx\/historico\/wp-json\/wp\/v2\/categories?post=1720"},{"taxonomy":"post_tag","embeddable":true,"href":"https:\/\/plazajuarez.mx\/historico\/wp-json\/wp\/v2\/tags?post=1720"}],"curies":[{"name":"wp","href":"https:\/\/api.w.org\/{rel}","templated":true}]}}