{"id":171701,"date":"2021-07-14T07:22:17","date_gmt":"2021-07-14T12:22:17","guid":{"rendered":"https:\/\/plazajuarez.mx\/?p=171701"},"modified":"2021-07-14T07:22:32","modified_gmt":"2021-07-14T12:22:32","slug":"alfil-negro-2119","status":"publish","type":"post","link":"https:\/\/plazajuarez.mx\/historico\/alfil-negro-2119\/","title":{"rendered":"ALFIL NEGRO"},"content":{"rendered":"\n<h2 class=\"wp-block-heading\"><strong>La sucesi\u00f3n<\/strong><\/h2>\n\n\n\n<p>La sucesi\u00f3n en el poder, sobre todo el Ejecutivo, tiene su ritmo propio, as\u00ed como sus ceremonias particulares, porque es el poder m\u00e1s buscado, por lo que significa en todos los \u00f3rdenes, provocando por lo mismo movimientos de aspirantes y de grupos pol\u00edticos y econ\u00f3micos que buscan impulsar y a veces imponer a determinados personajes, en este enredijo del juego del poder en que parece que Maquiavelo todo lo ilumina con eso de &#8220;el fin justifica los medios&#8221;.<\/p>\n\n\n\n<p>Es normal y l\u00f3gico que se den movimientos cuando se est\u00e1 terminando un periodo de poder, que en el caso de gobernador y Presidente de la Rep\u00fablica pudiera ser a finales del cuarto a\u00f1o e inicio del sexto y \u00faltimo, cumpli\u00e9ndose aquello de que &#8220;se gobierna con total libertad y poder tres a\u00f1os y despu\u00e9s comienzan los juegos de la sucesi\u00f3n&#8221;.<\/p>\n\n\n\n<p><strong>EN HIDALGO<\/strong><\/p>\n\n\n\n<p>Es normal que ya haya signos de aspirantes buscando la candidatura, sobre todo de los partidos m\u00e1s fuertes como el PRI Y MORENA, porque el sexenio del gobernador Fayad en 54 d\u00edas cumple 5 a\u00f1os, esto es en un mes y d\u00edas, y por lo mismo no es extra\u00f1o que ya levanten las manos los que quieren ser, primero candidatos y luego gobernadores.<\/p>\n\n\n\n<p>Llama la atenci\u00f3n la forma como buscan la candidatura en cada partido, incluso lastimando la unidad o haciendo que no entienden las formas y maneras para obtener la candidatura, con lo que anticipan una derrota, pues la unidad da victorias, pero la desuni\u00f3n es el mejor camino para la derrota.<\/p>\n\n\n\n<p>En partidos como Morena mostraron una caballada muy flaca aunque numerosa, pues de pronto resulta hasta candidata Simey Olvera que la verdad no tiene tama\u00f1os ni para esta lista, en que parece que se busc\u00f3 apantallar con tantos dizque aspirantes, que desde la entrada como que suena a choteo.<\/p>\n\n\n\n<p>Desde luego gentes como Julio Menchaca ya son otro cantar, porque tiene con qu\u00e9 ser candidato fuerte, pero los otros incluido el cantante como que no.<\/p>\n\n\n\n<p><strong>PARA PRESIDENTE<\/strong><\/p>\n\n\n\n<p>Llama la atenci\u00f3n que cuando el Presidente AMLO est\u00e1 casi a medio camino de su sexenio, que inici\u00f3 el 1 de diciembre del 2018 y por cambios a la Constituci\u00f3n termina el 1 de octubre del 2024, ya se est\u00e9 en plena batalla por la candidatura de Morena, en donde sobresalen Ebrard y Sheinbaum y con la actitud de Obrador de lucir muchos aspirantes, porque dice que ya no es como antes.<\/p>\n\n\n\n<p>Lo que se ve es que el Presidente tiene muy claro a qui\u00e9n va apoyar para la Presidencia, en este juego de signos que no cuesta mucho leer.<\/p>\n\n\n\n<p>En un escenario son los tiempos que ya llegaron y en el otro parece muy temprano pero dicen que ya no es como antes y&nbsp; por algo ser\u00e1.<\/p>\n","protected":false},"excerpt":{"rendered":"<p>La sucesi\u00f3n La sucesi\u00f3n en el poder, sobre todo el Ejecutivo, tiene su ritmo propio, as\u00ed como sus ceremonias particulares, porque es el poder m\u00e1s buscado, por lo que significa en todos los \u00f3rdenes, provocando por lo mismo movimientos de aspirantes y de grupos pol\u00edticos y econ\u00f3micos que buscan impulsar y a veces imponer a [&hellip;]<\/p>\n","protected":false},"author":83,"featured_media":154739,"comment_status":"closed","ping_status":"closed","sticky":false,"template":"","format":"standard","meta":{"footnotes":""},"categories":[48,42],"tags":[],"class_list":["post-171701","post","type-post","status-publish","format-standard","has-post-thumbnail","hentry","category-adalberto-peralta","category-nuestrapalabra"],"_links":{"self":[{"href":"https:\/\/plazajuarez.mx\/historico\/wp-json\/wp\/v2\/posts\/171701","targetHints":{"allow":["GET"]}}],"collection":[{"href":"https:\/\/plazajuarez.mx\/historico\/wp-json\/wp\/v2\/posts"}],"about":[{"href":"https:\/\/plazajuarez.mx\/historico\/wp-json\/wp\/v2\/types\/post"}],"author":[{"embeddable":true,"href":"https:\/\/plazajuarez.mx\/historico\/wp-json\/wp\/v2\/users\/83"}],"replies":[{"embeddable":true,"href":"https:\/\/plazajuarez.mx\/historico\/wp-json\/wp\/v2\/comments?post=171701"}],"version-history":[{"count":0,"href":"https:\/\/plazajuarez.mx\/historico\/wp-json\/wp\/v2\/posts\/171701\/revisions"}],"wp:featuredmedia":[{"embeddable":true,"href":"https:\/\/plazajuarez.mx\/historico\/wp-json\/wp\/v2\/media\/154739"}],"wp:attachment":[{"href":"https:\/\/plazajuarez.mx\/historico\/wp-json\/wp\/v2\/media?parent=171701"}],"wp:term":[{"taxonomy":"category","embeddable":true,"href":"https:\/\/plazajuarez.mx\/historico\/wp-json\/wp\/v2\/categories?post=171701"},{"taxonomy":"post_tag","embeddable":true,"href":"https:\/\/plazajuarez.mx\/historico\/wp-json\/wp\/v2\/tags?post=171701"}],"curies":[{"name":"wp","href":"https:\/\/api.w.org\/{rel}","templated":true}]}}