{"id":171683,"date":"2021-07-13T19:41:09","date_gmt":"2021-07-14T00:41:09","guid":{"rendered":"https:\/\/plazajuarez.mx\/?p=171683"},"modified":"2021-07-13T19:43:05","modified_gmt":"2021-07-14T00:43:05","slug":"mexico-reporta-mas-de-11-000-nuevos-contagios-cifra-mas-alta-desde-febrero","status":"publish","type":"post","link":"https:\/\/plazajuarez.mx\/historico\/mexico-reporta-mas-de-11-000-nuevos-contagios-cifra-mas-alta-desde-febrero\/","title":{"rendered":"M\u00e9xico reporta m\u00e1s de 11.000 nuevos contagios, cifra m\u00e1s alta desde febrero"},"content":{"rendered":"\n<p>El repunte de nuevos contagios de la covid-19 sigue en M\u00e9xico y este martes las autoridades sanitarias notificaron un aumento de 11.137 casos confirmados, un registro que es apenas un caso por debajo de los que se presentaron el pasado 10 de febrero, cuando se notificaron 11.138 contagios.<\/p>\n\n\n\n<p>El informe t\u00e9cnico diario registr\u00f3 un total de 2.604.71 personas contagiadas.<\/p>\n\n\n\n<p>Adem\u00e1s, en las \u00faltimas 24 horas la Secretar\u00eda de Salud report\u00f3 219 nuevos decesos, para sumar 235.277 fallecidos.<\/p>\n\n\n\n<p>La cifra de contagios es una continuaci\u00f3n de las publicadas la semana pasada, cuando las autoridades sanitarias se\u00f1alaron que el pa\u00eds hab\u00eda registrado un incremento de contagios del 29 %, lo que anunci\u00f3 el tercer repunte de la pandemia en el pa\u00eds, pero dijeron que ello no se traduc\u00eda en m\u00e1s ingresos hospitalarios.<\/p>\n\n\n\n<p>Tras resistirse a hablar de una &#8220;tercera ola&#8221;, este martes el Gobierno mexicano admiti\u00f3 abiertamente que existe una nueva oleada de contagios que &#8220;tiene cuatro semanas que empez\u00f3&#8221;.<\/p>\n\n\n\n<p>El repunte inici\u00f3 en estados tur\u00edsticos como Quintana Roo, Yucat\u00e1n y Baja California Sur y se extendi\u00f3 en casi todo el pa\u00eds.<\/p>\n\n\n\n<p>Sin embargo, el estratega del Gobierno contra el coronavirus, Hugo L\u00f3pez-Gatell, destac\u00f3 en conferencia de prensa que gracias a la vacunaci\u00f3n hay &#8220;una menor proporci\u00f3n de aumento de personas hospitalizadas y a\u00fan m\u00e1s de las defunciones&#8221; en comparaci\u00f3n con los picos de julio de 2020 y del pasado enero.<\/p>\n\n\n\n<p>Con estas cifras de decesos y contagios, M\u00e9xico se mantiene como el cuarto pa\u00eds del mundo con m\u00e1s muertes por covid-19, detr\u00e1s de Estados Unidos, Brasil y la India, y es decimoquinto en n\u00famero de contagios confirmados, seg\u00fan el recuento de la Universidad Johns Hopkins.<\/p>\n\n\n\n<p>Sin embargo, el Gobierno mexicano reconoci\u00f3 a finales de abril que las muertes asociadas a la covid-19 son en realidad poco m\u00e1s de 332.500, tras un an\u00e1lisis de las actas de defunci\u00f3n.<\/p>\n\n\n\n<p>El reporte t\u00e9cnico de este martes indic\u00f3 que, desde el comienzo de la emergencia, M\u00e9xico ha estudiado 7,78 millones de pacientes.<\/p>\n\n\n\n<p>Adem\u00e1s, las autoridades sanitarias estiman que el n\u00famero real de contagios es de 2.792.777. De esta cifra est\u00e1n activas 63.093 personas que han presentado s\u00edntomas durante los \u00faltimos 14 d\u00edas y que representan al 2,3 % del total.<\/p>\n\n\n\n<p>Tambi\u00e9n se report\u00f3 que 2.056.317 personas est\u00e1n consideradas como recuperadas despu\u00e9s de haber padecido la enfermedad.<\/p>\n\n\n\n<p>La ocupaci\u00f3n media de camas generales en los hospitales mexicanos es del 26 % y del 21 % para camas de terapia intensiva.<\/p>\n\n\n\n<p>La ocupaci\u00f3n hospitalaria ha disminuido un 80 % respecto al pico m\u00e1ximo alcanzado en enero, cuando se saturaron los hospitales de varias ciudades, entre ellas la capital.<\/p>\n\n\n\n<p>Con respecto a las defunciones, Ciudad de M\u00e9xico -el foco de la pandemia- acumula el 19,1 % de todos los decesos a nivel nacional, es decir, casi 1 de cada 5 muertes.<\/p>\n\n\n\n<p><strong>PLAN DE VACUNACI\u00d3N<\/strong><\/p>\n\n\n\n<p>El informe indic\u00f3 tambi\u00e9n que hasta ahora se han administrado 51.331.578 dosis de la vacuna contra la covid-19, al sumar 513.599 en la jornada del lunes.<\/p>\n\n\n\n<p>Adem\u00e1s, precis\u00f3 que 20,94 millones de personas han recibido las dosis necesarias para completar el esquema de vacunaci\u00f3n en M\u00e9xico, que tiene 126 millones de habitantes.<\/p>\n\n\n\n<p>El programa de vacunaci\u00f3n contempla, por ahora, a los mayores de 30 a\u00f1os, mujeres embarazadas, personal m\u00e9dico y educativo, as\u00ed como parte de la poblaci\u00f3n mayor de 18 a\u00f1os de los estados de Sonora, Chihuahua y Baja California como parte de un plan piloto para reabrir la frontera con Estados Unidos.<\/p>\n\n\n\n<p>M\u00e9xico recibi\u00f3 este martes 296.010 dosis de la vacuna Pfizer-BioNTech para un total de 67,2 millones de dosis de 6 farmac\u00e9uticas que han enviado embarques al pa\u00eds desde el 23 de diciembre de 2020.<\/p>\n","protected":false},"excerpt":{"rendered":"<p>El repunte de nuevos contagios de la covid-19 sigue en M\u00e9xico y este martes las autoridades sanitarias notificaron un aumento de 11.137 casos confirmados, un registro que es apenas un caso por debajo de los que se presentaron el pasado 10 de febrero, cuando se notificaron 11.138 contagios. El informe t\u00e9cnico diario registr\u00f3 un total [&hellip;]<\/p>\n","protected":false},"author":80,"featured_media":171684,"comment_status":"closed","ping_status":"closed","sticky":false,"template":"","format":"standard","meta":{"footnotes":""},"categories":[15,36],"tags":[],"class_list":["post-171683","post","type-post","status-publish","format-standard","has-post-thumbnail","hentry","category-destacadas","category-nacion"],"_links":{"self":[{"href":"https:\/\/plazajuarez.mx\/historico\/wp-json\/wp\/v2\/posts\/171683","targetHints":{"allow":["GET"]}}],"collection":[{"href":"https:\/\/plazajuarez.mx\/historico\/wp-json\/wp\/v2\/posts"}],"about":[{"href":"https:\/\/plazajuarez.mx\/historico\/wp-json\/wp\/v2\/types\/post"}],"author":[{"embeddable":true,"href":"https:\/\/plazajuarez.mx\/historico\/wp-json\/wp\/v2\/users\/80"}],"replies":[{"embeddable":true,"href":"https:\/\/plazajuarez.mx\/historico\/wp-json\/wp\/v2\/comments?post=171683"}],"version-history":[{"count":0,"href":"https:\/\/plazajuarez.mx\/historico\/wp-json\/wp\/v2\/posts\/171683\/revisions"}],"wp:featuredmedia":[{"embeddable":true,"href":"https:\/\/plazajuarez.mx\/historico\/wp-json\/wp\/v2\/media\/171684"}],"wp:attachment":[{"href":"https:\/\/plazajuarez.mx\/historico\/wp-json\/wp\/v2\/media?parent=171683"}],"wp:term":[{"taxonomy":"category","embeddable":true,"href":"https:\/\/plazajuarez.mx\/historico\/wp-json\/wp\/v2\/categories?post=171683"},{"taxonomy":"post_tag","embeddable":true,"href":"https:\/\/plazajuarez.mx\/historico\/wp-json\/wp\/v2\/tags?post=171683"}],"curies":[{"name":"wp","href":"https:\/\/api.w.org\/{rel}","templated":true}]}}