{"id":171283,"date":"2021-07-10T11:03:18","date_gmt":"2021-07-10T16:03:18","guid":{"rendered":"https:\/\/plazajuarez.mx\/?p=171283"},"modified":"2021-07-10T11:03:33","modified_gmt":"2021-07-10T16:03:33","slug":"matt-damon-se-luce-en-el-festival-de-cannes","status":"publish","type":"post","link":"https:\/\/plazajuarez.mx\/historico\/matt-damon-se-luce-en-el-festival-de-cannes\/","title":{"rendered":"Matt Damon se luce en el Festival de Cannes"},"content":{"rendered":"\n<p>(EFE).- Simp\u00e1tico, humilde y con mucha paciencia para firmar aut\u00f3grafos. Matt Damon lleg\u00f3 al Festival de Cannes como una estrella, pero tambi\u00e9n como un ser humano preocupado por la realidad para presentar &#8220;Stillwater&#8221;, fuera de competici\u00f3n.<\/p>\n\n\n\n<p>&#8220;Estamos viviendo una realidad muy inhumana&#8221; por &#8220;la falta de contacto&#8221;. &#8220;No es as\u00ed como se supone que debemos vivir&#8221;, reflexion\u00f3 Damon, al ser preguntado por su sensaci\u00f3n al estar en Cannes tras los dos \u00faltimos a\u00f1os marcados por la pandemia de coronavirus.<\/p>\n\n\n\n<p>&#8220;Estoy muy contento de estar aqu\u00ed, despu\u00e9s de tanto tiempo viendo las cosas por televisi\u00f3n, estar en una sala de cine con 2,000 personas, que son extra\u00f1os pero que forman parte de la misma comunidad\u2026 es un gran recuerdo&#8221;.<\/p>\n\n\n\n<p>El actor lleg\u00f3 a Cannes para presentar, fuera de competici\u00f3n &#8220;Stillwater&#8221;, una historia sobre el Estados Unidos de hoy a trav\u00e9s de Bill, el personaje que interpreta Damon.<\/p>\n","protected":false},"excerpt":{"rendered":"<p>(EFE).- Simp\u00e1tico, humilde y con mucha paciencia para firmar aut\u00f3grafos. Matt Damon lleg\u00f3 al Festival de Cannes como una estrella, pero tambi\u00e9n como un ser humano preocupado por la realidad para presentar &#8220;Stillwater&#8221;, fuera de competici\u00f3n. &#8220;Estamos viviendo una realidad muy inhumana&#8221; por &#8220;la falta de contacto&#8221;. &#8220;No es as\u00ed como se supone que debemos [&hellip;]<\/p>\n","protected":false},"author":80,"featured_media":171284,"comment_status":"closed","ping_status":"open","sticky":false,"template":"","format":"standard","meta":{"footnotes":""},"categories":[38],"tags":[],"class_list":["post-171283","post","type-post","status-publish","format-standard","has-post-thumbnail","hentry","category-show"],"_links":{"self":[{"href":"https:\/\/plazajuarez.mx\/historico\/wp-json\/wp\/v2\/posts\/171283","targetHints":{"allow":["GET"]}}],"collection":[{"href":"https:\/\/plazajuarez.mx\/historico\/wp-json\/wp\/v2\/posts"}],"about":[{"href":"https:\/\/plazajuarez.mx\/historico\/wp-json\/wp\/v2\/types\/post"}],"author":[{"embeddable":true,"href":"https:\/\/plazajuarez.mx\/historico\/wp-json\/wp\/v2\/users\/80"}],"replies":[{"embeddable":true,"href":"https:\/\/plazajuarez.mx\/historico\/wp-json\/wp\/v2\/comments?post=171283"}],"version-history":[{"count":0,"href":"https:\/\/plazajuarez.mx\/historico\/wp-json\/wp\/v2\/posts\/171283\/revisions"}],"wp:featuredmedia":[{"embeddable":true,"href":"https:\/\/plazajuarez.mx\/historico\/wp-json\/wp\/v2\/media\/171284"}],"wp:attachment":[{"href":"https:\/\/plazajuarez.mx\/historico\/wp-json\/wp\/v2\/media?parent=171283"}],"wp:term":[{"taxonomy":"category","embeddable":true,"href":"https:\/\/plazajuarez.mx\/historico\/wp-json\/wp\/v2\/categories?post=171283"},{"taxonomy":"post_tag","embeddable":true,"href":"https:\/\/plazajuarez.mx\/historico\/wp-json\/wp\/v2\/tags?post=171283"}],"curies":[{"name":"wp","href":"https:\/\/api.w.org\/{rel}","templated":true}]}}