{"id":171279,"date":"2021-07-10T11:02:09","date_gmt":"2021-07-10T16:02:09","guid":{"rendered":"https:\/\/plazajuarez.mx\/?p=171279"},"modified":"2021-07-10T11:02:25","modified_gmt":"2021-07-10T16:02:25","slug":"espinoza-paz-vuelve-a-la-musica-y-tv","status":"publish","type":"post","link":"https:\/\/plazajuarez.mx\/historico\/espinoza-paz-vuelve-a-la-musica-y-tv\/","title":{"rendered":"Espinoza Paz vuelve a la m\u00fasica y TV"},"content":{"rendered":"\n<p>(EFE).- &#8220;Disfruto solamente lo que tengo, de lo que no tengo, no sufro por ello&#8221;, cont\u00f3 este viernes a Efe el cantante de regional mexicano, Espinoza Paz, quien regresa a su pa\u00eds tras triunfar en Colombia y darle \u00e9xitos a otros artistas.<\/p>\n\n\n\n<p>&#8220;As\u00ed como cuando estuve muy presente fue muy bonito, ahora que no he estado tanto tambi\u00e9n ha sido muy lindo, porque uno debe de gozar y disfrutar con lo que tengas al alcance&#8221;, responde el cantante, quien regresa a la televisi\u00f3n mexicana y con m\u00e1s m\u00fasica.<\/p>\n\n\n\n<p>Isidro Chav\u00e9z Espinoza se convirti\u00f3 en el artista del momento en el 2008 cuando estren\u00f3 el tema &#8220;El pr\u00f3ximo viernes&#8221; como artista independiente. La canci\u00f3n se hizo tan popular que artistas como Thal\u00eda la versionaron en diversos estilos y lleg\u00f3 a listas internacionales como la de Billboard.<\/p>\n","protected":false},"excerpt":{"rendered":"<p>(EFE).- &#8220;Disfruto solamente lo que tengo, de lo que no tengo, no sufro por ello&#8221;, cont\u00f3 este viernes a Efe el cantante de regional mexicano, Espinoza Paz, quien regresa a su pa\u00eds tras triunfar en Colombia y darle \u00e9xitos a otros artistas. &#8220;As\u00ed como cuando estuve muy presente fue muy bonito, ahora que no he [&hellip;]<\/p>\n","protected":false},"author":80,"featured_media":171280,"comment_status":"closed","ping_status":"open","sticky":false,"template":"","format":"standard","meta":{"footnotes":""},"categories":[38],"tags":[],"class_list":["post-171279","post","type-post","status-publish","format-standard","has-post-thumbnail","hentry","category-show"],"_links":{"self":[{"href":"https:\/\/plazajuarez.mx\/historico\/wp-json\/wp\/v2\/posts\/171279","targetHints":{"allow":["GET"]}}],"collection":[{"href":"https:\/\/plazajuarez.mx\/historico\/wp-json\/wp\/v2\/posts"}],"about":[{"href":"https:\/\/plazajuarez.mx\/historico\/wp-json\/wp\/v2\/types\/post"}],"author":[{"embeddable":true,"href":"https:\/\/plazajuarez.mx\/historico\/wp-json\/wp\/v2\/users\/80"}],"replies":[{"embeddable":true,"href":"https:\/\/plazajuarez.mx\/historico\/wp-json\/wp\/v2\/comments?post=171279"}],"version-history":[{"count":0,"href":"https:\/\/plazajuarez.mx\/historico\/wp-json\/wp\/v2\/posts\/171279\/revisions"}],"wp:featuredmedia":[{"embeddable":true,"href":"https:\/\/plazajuarez.mx\/historico\/wp-json\/wp\/v2\/media\/171280"}],"wp:attachment":[{"href":"https:\/\/plazajuarez.mx\/historico\/wp-json\/wp\/v2\/media?parent=171279"}],"wp:term":[{"taxonomy":"category","embeddable":true,"href":"https:\/\/plazajuarez.mx\/historico\/wp-json\/wp\/v2\/categories?post=171279"},{"taxonomy":"post_tag","embeddable":true,"href":"https:\/\/plazajuarez.mx\/historico\/wp-json\/wp\/v2\/tags?post=171279"}],"curies":[{"name":"wp","href":"https:\/\/api.w.org\/{rel}","templated":true}]}}