{"id":171063,"date":"2021-07-09T11:28:35","date_gmt":"2021-07-09T16:28:35","guid":{"rendered":"https:\/\/plazajuarez.mx\/?p=171063"},"modified":"2021-07-09T11:28:56","modified_gmt":"2021-07-09T16:28:56","slug":"invitan-a-conferencia-virtual-de-reforma-laboral-nueva-cultura-laboral-en-el-pais","status":"publish","type":"post","link":"https:\/\/plazajuarez.mx\/historico\/invitan-a-conferencia-virtual-de-reforma-laboral-nueva-cultura-laboral-en-el-pais\/","title":{"rendered":"Invitan a conferencia virtual de Reforma laboral: &#8220;Nueva cultura Laboral en el pa\u00eds&#8221;"},"content":{"rendered":"\n<p><br>A trav\u00e9s de su p\u00e1gina de Facebook, la Secretar\u00eda del Trabajo y Previsi\u00f3n Social de Hidalgo, en conjunto a Coparmex, invit\u00f3 a la conferencia virtual Reforma Laboral: &#8220;Nueva cultura Laboral en el pa\u00eds&#8221; que ser\u00e1 instruida por Mar\u00eda de los \u00c1ngeles Eguiluz Tapia, quien es la Secretaria del Trabajo y Previsi\u00f3n Social de Hidalgo, el d\u00eda 13 de julio a las 6:00 de la tarde y sin costo alguno. El registro en l\u00ednea deber\u00e1 hacerse en la p\u00e1gina oficial de la Coparmex Hidalgo <a href=\"https:\/\/www.coparmexhidalgo.org.mx\/\">https:\/\/www.coparmexhidalgo.org.mx\/<\/a><\/p>\n\n\n\n<p>Se abordar\u00e1n cinco temas durante la reuni\u00f3n que se llevar\u00e1 a cabo por zoom, el primero son los antecedentes; el segundo ser\u00e1 el nuevo sistema de impartici\u00f3n de justicia laboral, procedimiento de conciliaci\u00f3n prejudicial y procedimiento ordinario jurisdiccional; el tercero es libertad y democracia sindical, el cuarto es negociaci\u00f3n colectiva y el quinto ser\u00e1 sobre el Centro Federal de Conciliaci\u00f3n y Registro Laboral.<\/p>\n\n\n\n<p>Desde hace algunos meses y a trav\u00e9s de las p\u00e1gina de Facebook de la STPSH y de Eguiluz Tapia se han dado a conocer mediante carteles y videos el nuevo Procedimiento de Conciliaci\u00f3n Prejudicial que se realizar\u00e1 una vez que entr\u00e9 en funciones el Centro de Conciliaci\u00f3n Laboral del Estado de Hidalgo (CCLEH), instancia que buscar\u00e1 solucionar los conflictos laborales entre trabajadores y empleadores&nbsp; \u201csin necesidad de llegar a juicio, logrando que ambas partes sean beneficiadas\u201d y la cual se prev\u00e9, entre en operaciones a partir de octubre.<\/p>\n","protected":false},"excerpt":{"rendered":"<p>A trav\u00e9s de su p\u00e1gina de Facebook, la Secretar\u00eda del Trabajo y Previsi\u00f3n Social de Hidalgo, en conjunto a Coparmex, invit\u00f3 a la conferencia virtual Reforma Laboral: &#8220;Nueva cultura Laboral en el pa\u00eds&#8221; que ser\u00e1 instruida por Mar\u00eda de los \u00c1ngeles Eguiluz Tapia, quien es la Secretaria del Trabajo y Previsi\u00f3n Social de Hidalgo, el [&hellip;]<\/p>\n","protected":false},"author":101,"featured_media":171064,"comment_status":"closed","ping_status":"open","sticky":false,"template":"","format":"standard","meta":{"footnotes":""},"categories":[59],"tags":[],"class_list":["post-171063","post","type-post","status-publish","format-standard","has-post-thumbnail","hentry","category-general"],"_links":{"self":[{"href":"https:\/\/plazajuarez.mx\/historico\/wp-json\/wp\/v2\/posts\/171063","targetHints":{"allow":["GET"]}}],"collection":[{"href":"https:\/\/plazajuarez.mx\/historico\/wp-json\/wp\/v2\/posts"}],"about":[{"href":"https:\/\/plazajuarez.mx\/historico\/wp-json\/wp\/v2\/types\/post"}],"author":[{"embeddable":true,"href":"https:\/\/plazajuarez.mx\/historico\/wp-json\/wp\/v2\/users\/101"}],"replies":[{"embeddable":true,"href":"https:\/\/plazajuarez.mx\/historico\/wp-json\/wp\/v2\/comments?post=171063"}],"version-history":[{"count":0,"href":"https:\/\/plazajuarez.mx\/historico\/wp-json\/wp\/v2\/posts\/171063\/revisions"}],"wp:featuredmedia":[{"embeddable":true,"href":"https:\/\/plazajuarez.mx\/historico\/wp-json\/wp\/v2\/media\/171064"}],"wp:attachment":[{"href":"https:\/\/plazajuarez.mx\/historico\/wp-json\/wp\/v2\/media?parent=171063"}],"wp:term":[{"taxonomy":"category","embeddable":true,"href":"https:\/\/plazajuarez.mx\/historico\/wp-json\/wp\/v2\/categories?post=171063"},{"taxonomy":"post_tag","embeddable":true,"href":"https:\/\/plazajuarez.mx\/historico\/wp-json\/wp\/v2\/tags?post=171063"}],"curies":[{"name":"wp","href":"https:\/\/api.w.org\/{rel}","templated":true}]}}