{"id":171023,"date":"2021-07-08T18:11:37","date_gmt":"2021-07-08T23:11:37","guid":{"rendered":"https:\/\/plazajuarez.mx\/?p=171023"},"modified":"2021-07-08T18:15:46","modified_gmt":"2021-07-08T23:15:46","slug":"realizaran-el-primer-congreso-de-bares-y-cantinas","status":"publish","type":"post","link":"https:\/\/plazajuarez.mx\/historico\/realizaran-el-primer-congreso-de-bares-y-cantinas\/","title":{"rendered":"Realizar\u00e1n el primer congreso de bares y cantinas"},"content":{"rendered":"\n<p>Con el objetivo de incentivar la reactivaci\u00f3n econ\u00f3mica del sector, la Asociaci\u00f3n de Bares y Cantinas de la Zona Metropolitana de Pachuca, inform\u00f3 que el viernes se realizar\u00e1 el Primer Congreso de Bares y Cantinas en el sal\u00f3n de eventos \u201cVilla San Jos\u00e9\u201d ubicado en Mineral de la Reforma sobre Bulevar Providencia n\u00famero 214 por lo que extendieron la invitaci\u00f3n a todos los propietarios y representantes legales de los bares, restaurantes bares, cantinas, pulquer\u00edas y similares de la regi\u00f3n.\u00a0<\/p>\n\n\n\n<p>De igual manera, se\u00f1alaron que se realizar\u00e1 un Homenaje a la vida y obra de don Alfredo Yong Cer\u00f3n mejor conocido en el ambiente como \u201cDon Chino\u201d, cantinero y personaje de Pachuca que falleci\u00f3 recientemente por lo que la asociaci\u00f3n apunt\u00f3: \u201csu sensible fallecimiento, nos impulsa a realizar este reconocimiento debido a la gran relevancia y el enorme legado que nuestro gran amigo \u201cDon Chino\u201d ha aportado a nuestro sector\u201d.<\/p>\n\n\n\n<p>En el evento que est\u00e1 programado a las 12 horas y que tendr\u00e1 una duraci\u00f3n aproximada de tres horas, se contempla la participaci\u00f3n de las diferentes c\u00e1maras de comercio, productores, proveedores y comercializadores de la regi\u00f3n as\u00ed como la asociaci\u00f3n de hoteles y moteles, y la Escuela Espa\u00f1ola de Sommeliers M\u00e9xico.<\/p>\n","protected":false},"excerpt":{"rendered":"<p>Con el objetivo de incentivar la reactivaci\u00f3n econ\u00f3mica del sector, la Asociaci\u00f3n de Bares y Cantinas de la Zona Metropolitana de Pachuca, inform\u00f3 que el viernes se realizar\u00e1 el Primer Congreso de Bares y Cantinas en el sal\u00f3n de eventos \u201cVilla San Jos\u00e9\u201d ubicado en Mineral de la Reforma sobre Bulevar Providencia n\u00famero 214 por [&hellip;]<\/p>\n","protected":false},"author":72,"featured_media":171024,"comment_status":"closed","ping_status":"open","sticky":false,"template":"","format":"standard","meta":{"footnotes":""},"categories":[15,59],"tags":[],"class_list":["post-171023","post","type-post","status-publish","format-standard","has-post-thumbnail","hentry","category-destacadas","category-general"],"_links":{"self":[{"href":"https:\/\/plazajuarez.mx\/historico\/wp-json\/wp\/v2\/posts\/171023","targetHints":{"allow":["GET"]}}],"collection":[{"href":"https:\/\/plazajuarez.mx\/historico\/wp-json\/wp\/v2\/posts"}],"about":[{"href":"https:\/\/plazajuarez.mx\/historico\/wp-json\/wp\/v2\/types\/post"}],"author":[{"embeddable":true,"href":"https:\/\/plazajuarez.mx\/historico\/wp-json\/wp\/v2\/users\/72"}],"replies":[{"embeddable":true,"href":"https:\/\/plazajuarez.mx\/historico\/wp-json\/wp\/v2\/comments?post=171023"}],"version-history":[{"count":0,"href":"https:\/\/plazajuarez.mx\/historico\/wp-json\/wp\/v2\/posts\/171023\/revisions"}],"wp:featuredmedia":[{"embeddable":true,"href":"https:\/\/plazajuarez.mx\/historico\/wp-json\/wp\/v2\/media\/171024"}],"wp:attachment":[{"href":"https:\/\/plazajuarez.mx\/historico\/wp-json\/wp\/v2\/media?parent=171023"}],"wp:term":[{"taxonomy":"category","embeddable":true,"href":"https:\/\/plazajuarez.mx\/historico\/wp-json\/wp\/v2\/categories?post=171023"},{"taxonomy":"post_tag","embeddable":true,"href":"https:\/\/plazajuarez.mx\/historico\/wp-json\/wp\/v2\/tags?post=171023"}],"curies":[{"name":"wp","href":"https:\/\/api.w.org\/{rel}","templated":true}]}}