{"id":171017,"date":"2021-07-08T15:37:32","date_gmt":"2021-07-08T20:37:32","guid":{"rendered":"https:\/\/plazajuarez.mx\/?p=171017"},"modified":"2021-07-08T16:32:17","modified_gmt":"2021-07-08T21:32:17","slug":"pide-fayad-analizar-la-posibilidad-de-mantener-clases-virtuales","status":"publish","type":"post","link":"https:\/\/plazajuarez.mx\/historico\/pide-fayad-analizar-la-posibilidad-de-mantener-clases-virtuales\/","title":{"rendered":"Pide Fayad analizar la posibilidad de mantener clases virtuales"},"content":{"rendered":"\n<p>A trav\u00e9s de sus redes sociales, el gobernador del estado de Hidalgo, Omar Fayad Meneses, inform\u00f3 que ante la llegada de la variante delta de la covid-19 en M\u00e9xico asi como su detecci\u00f3n en Hidalgo, se considerar\u00e1 \u201cfundamental\u201d contar con centros permanentes para la vacunaci\u00f3n adem\u00e1s de analizar la posibilidad de retrasar el regreso a clases presenciales.<\/p>\n\n\n\n<p>En su mensaje el mandatario estatal refiri\u00f3 \u201ces importante analizar el postergar el regreso a las escuelas y mantener las clases virtuales en el pr\u00f3ximo ciclo escolar\u201d, as\u00ed mismo se\u00f1al\u00f3 que en la reuni\u00f3n de la Conferencia Nacional de Gobernadores (Conago), propuso la realizaci\u00f3n de estudios de seroprevalencia para el personal educativo tanto de instituciones p\u00fablicas como de privadas, lo anterior dijo: \u201cpara monitorear los anticuerpos en nuestros j\u00f3venes, pero tambi\u00e9n en las personas ya vacunadas\u201d.<\/p>\n\n\n\n<blockquote class=\"twitter-tweet\"><p lang=\"es\" dir=\"ltr\">Se ha identificado la variante delta en M\u00e9xico e Hidalgo; por ello considero fundamental contar con Centros Permanentes de Vacunaci\u00f3n. Asimismo, es importante analizar el postergar el regreso a las escuelas y mantener las clases virtuales en el pr\u00f3ximo ciclo escolar. <a href=\"https:\/\/t.co\/rBS5sDwXpt\">pic.twitter.com\/rBS5sDwXpt<\/a><\/p>&mdash; Omar Fayad (@omarfayad) <a href=\"https:\/\/twitter.com\/omarfayad\/status\/1413198455233732619?ref_src=twsrc%5Etfw\">July 8, 2021<\/a><\/blockquote> <script async src=\"https:\/\/platform.twitter.com\/widgets.js\" charset=\"utf-8\"><\/script>\n","protected":false},"excerpt":{"rendered":"<p>A trav\u00e9s de sus redes sociales, el gobernador del estado de Hidalgo, Omar Fayad Meneses, inform\u00f3 que ante la llegada de la variante delta de la covid-19 en M\u00e9xico asi como su detecci\u00f3n en Hidalgo, se considerar\u00e1 \u201cfundamental\u201d contar con centros permanentes para la vacunaci\u00f3n adem\u00e1s de analizar la posibilidad de retrasar el regreso a [&hellip;]<\/p>\n","protected":false},"author":72,"featured_media":171018,"comment_status":"closed","ping_status":"open","sticky":false,"template":"","format":"standard","meta":{"footnotes":""},"categories":[15,59],"tags":[],"class_list":["post-171017","post","type-post","status-publish","format-standard","has-post-thumbnail","hentry","category-destacadas","category-general"],"_links":{"self":[{"href":"https:\/\/plazajuarez.mx\/historico\/wp-json\/wp\/v2\/posts\/171017","targetHints":{"allow":["GET"]}}],"collection":[{"href":"https:\/\/plazajuarez.mx\/historico\/wp-json\/wp\/v2\/posts"}],"about":[{"href":"https:\/\/plazajuarez.mx\/historico\/wp-json\/wp\/v2\/types\/post"}],"author":[{"embeddable":true,"href":"https:\/\/plazajuarez.mx\/historico\/wp-json\/wp\/v2\/users\/72"}],"replies":[{"embeddable":true,"href":"https:\/\/plazajuarez.mx\/historico\/wp-json\/wp\/v2\/comments?post=171017"}],"version-history":[{"count":0,"href":"https:\/\/plazajuarez.mx\/historico\/wp-json\/wp\/v2\/posts\/171017\/revisions"}],"wp:featuredmedia":[{"embeddable":true,"href":"https:\/\/plazajuarez.mx\/historico\/wp-json\/wp\/v2\/media\/171018"}],"wp:attachment":[{"href":"https:\/\/plazajuarez.mx\/historico\/wp-json\/wp\/v2\/media?parent=171017"}],"wp:term":[{"taxonomy":"category","embeddable":true,"href":"https:\/\/plazajuarez.mx\/historico\/wp-json\/wp\/v2\/categories?post=171017"},{"taxonomy":"post_tag","embeddable":true,"href":"https:\/\/plazajuarez.mx\/historico\/wp-json\/wp\/v2\/tags?post=171017"}],"curies":[{"name":"wp","href":"https:\/\/api.w.org\/{rel}","templated":true}]}}