{"id":170919,"date":"2021-07-08T10:25:21","date_gmt":"2021-07-08T15:25:21","guid":{"rendered":"https:\/\/plazajuarez.mx\/?p=170919"},"modified":"2021-07-08T10:25:38","modified_gmt":"2021-07-08T15:25:38","slug":"nombra-fayad-al-nuevo-titular-de-la-semarnath","status":"publish","type":"post","link":"https:\/\/plazajuarez.mx\/historico\/nombra-fayad-al-nuevo-titular-de-la-semarnath\/","title":{"rendered":"Nombra Fayad al nuevo titular de la Semarnath"},"content":{"rendered":"\n<p>El gobernador Omar Fayad nombr\u00f3 a Said Javier Estrella Garc\u00eda como nuevo titular de la Secretar\u00eda de Medio Ambiente y Recursos Naturales de Hidalgo (Semarnath), adem\u00e1s realiz\u00f3 diferentes movimientos en su gabinete.<\/p>\n\n\n\n<p>El mandatario agradeci\u00f3 la lealtad y desempe\u00f1o institucional a Benjam\u00edn Rico Moreno, quien el 10 de agosto del a\u00f1o anterior renunci\u00f3 a la Semarnath para contender a un puesto de elecci\u00f3n popular.<\/p>\n\n\n\n<p>De igual forma, nombr\u00f3 a Gerardo Reyes Monzalvo como subsecretario de Desarrollo Pol\u00edtico de la Secretar\u00eda de Gobierno; el funcionario se desempe\u00f1\u00f3 como subsecretario de Vinculaci\u00f3n y Promoci\u00f3n tur\u00edstica de la Secretar\u00eda de Turismo.<\/p>\n\n\n\n<p>El jefe del Ejecutivo estatal confi\u00f3 en que la experiencia de Reyes Monzalvo, junto con la directriz del secretario de Gobierno, Sim\u00f3n Vargas Aguilar, contribuir\u00e1n a que la dependencia se fortalezca, al igual que el gobierno estatal.<\/p>\n\n\n\n<p>Adem\u00e1s design\u00f3 a Mirna Flores Torres como directora general de Fomento Artesanal, de la Secretar\u00eda de Desarrollo Social; a Octavio de la Torre S\u00e1nchez como subsecretario de Desarrollo Rural, de la Secretar\u00eda de Desarrollo Agropecuario; y a Edgar C\u00e9sar Arizpe Fern\u00e1ndez, como subsecretario de Vinculaci\u00f3n, Promoci\u00f3n e Innovaci\u00f3n Tur\u00edstica.<\/p>\n","protected":false},"excerpt":{"rendered":"<p>El gobernador Omar Fayad nombr\u00f3 a Said Javier Estrella Garc\u00eda como nuevo titular de la Secretar\u00eda de Medio Ambiente y Recursos Naturales de Hidalgo (Semarnath), adem\u00e1s realiz\u00f3 diferentes movimientos en su gabinete. El mandatario agradeci\u00f3 la lealtad y desempe\u00f1o institucional a Benjam\u00edn Rico Moreno, quien el 10 de agosto del a\u00f1o anterior renunci\u00f3 a la [&hellip;]<\/p>\n","protected":false},"author":93,"featured_media":170921,"comment_status":"closed","ping_status":"open","sticky":false,"template":"","format":"standard","meta":{"footnotes":""},"categories":[59],"tags":[],"class_list":["post-170919","post","type-post","status-publish","format-standard","has-post-thumbnail","hentry","category-general"],"_links":{"self":[{"href":"https:\/\/plazajuarez.mx\/historico\/wp-json\/wp\/v2\/posts\/170919","targetHints":{"allow":["GET"]}}],"collection":[{"href":"https:\/\/plazajuarez.mx\/historico\/wp-json\/wp\/v2\/posts"}],"about":[{"href":"https:\/\/plazajuarez.mx\/historico\/wp-json\/wp\/v2\/types\/post"}],"author":[{"embeddable":true,"href":"https:\/\/plazajuarez.mx\/historico\/wp-json\/wp\/v2\/users\/93"}],"replies":[{"embeddable":true,"href":"https:\/\/plazajuarez.mx\/historico\/wp-json\/wp\/v2\/comments?post=170919"}],"version-history":[{"count":0,"href":"https:\/\/plazajuarez.mx\/historico\/wp-json\/wp\/v2\/posts\/170919\/revisions"}],"wp:featuredmedia":[{"embeddable":true,"href":"https:\/\/plazajuarez.mx\/historico\/wp-json\/wp\/v2\/media\/170921"}],"wp:attachment":[{"href":"https:\/\/plazajuarez.mx\/historico\/wp-json\/wp\/v2\/media?parent=170919"}],"wp:term":[{"taxonomy":"category","embeddable":true,"href":"https:\/\/plazajuarez.mx\/historico\/wp-json\/wp\/v2\/categories?post=170919"},{"taxonomy":"post_tag","embeddable":true,"href":"https:\/\/plazajuarez.mx\/historico\/wp-json\/wp\/v2\/tags?post=170919"}],"curies":[{"name":"wp","href":"https:\/\/api.w.org\/{rel}","templated":true}]}}