{"id":170912,"date":"2021-07-08T10:19:10","date_gmt":"2021-07-08T15:19:10","guid":{"rendered":"https:\/\/plazajuarez.mx\/?p=170912"},"modified":"2021-07-08T10:19:25","modified_gmt":"2021-07-08T15:19:25","slug":"juntos-en-pro-del-bosque-urbano","status":"publish","type":"post","link":"https:\/\/plazajuarez.mx\/historico\/juntos-en-pro-del-bosque-urbano\/","title":{"rendered":"Juntos en PRO del Bosque Urbano"},"content":{"rendered":"\n<p>Hoy, de 1:00 a 3:00 de la tarde, se llevar\u00e1n a cabo diversas actividades en el Jard\u00edn del Arte, por conmemoraci\u00f3n del D\u00eda del \u00c1rbol, lideradas por la Ingeniera Forestal Karime Salom\u00f3n. En entrevista para Diario Plaza Ju\u00e1rez, Karime, se\u00f1al\u00f3 que todo comenz\u00f3 gracias a la labor de Ariadna Gonz\u00e1lez Jacobo, fundadora de Arboristas M\u00e9xico, de quien es la inactiva e hizo la invitaci\u00f3n a diferentes lugares de la rep\u00fablica para sumarse. Karime, igual convoc\u00f3 a Isa, de Cassa Venado, para agradecer a los \u00e1rboles por todo lo que hacen por nosotros.<\/p>\n\n\n\n<p>A la 1:00 de la tarde se comenzar\u00e1 con la pl\u00e1tica \u201cLa vida de un \u00e1rbol urbano\u201d en donde Karime ahondar\u00e1 en \u201cc\u00f3mo padecen o sufren por no estar en medio natural, como es para un arbolito adaptarse a la ciudad y como es su proceso\u201d. Posteriormente, a la 1:20, se realizar\u00e1 un peque\u00f1o recorrido donde se hablar\u00e1 del tipo de especies que se encuentran en este jard\u00edn, luego, a las 1:40, se dar\u00e1 una peque\u00f1a pl\u00e1tica sobre la protecci\u00f3n a los \u00e1rboles durante la construcci\u00f3n.<\/p>\n\n\n\n<p>A las 2:00 se har\u00e1 una meditaci\u00f3n, a cargo de Cassa Venado para agradecer a los \u00e1rboles, la cual lleva por nombre \u201cSomos uno mismo\u201d y se finalizar\u00e1, a las 2:40, con la pr\u00e1ctica de compartir un litro de agua (que cada asistente lleve) con un \u00e1rbol del jard\u00edn.<\/p>\n\n\n\n<p>Por \u00faltimo, invit\u00f3 a toda la poblaci\u00f3n a sumarse con las medidas correspondientes y expres\u00f3 que la forma en que podemos ayudar a los \u00e1rboles es, primordialmente, exigiendo que \u201clos cargos que competen a la vegetaci\u00f3n, lo ocupen gente preparada\u201d, y que se tenga respeto, pues muchas veces se tira refrescos o l\u00edquidos de trapear a estos \u00e1rboles, incluso los da\u00f1an al tallar nombres, corazones o arrancar sus hojas.&nbsp;<\/p>\n","protected":false},"excerpt":{"rendered":"<p>Hoy, de 1:00 a 3:00 de la tarde, se llevar\u00e1n a cabo diversas actividades en el Jard\u00edn del Arte, por conmemoraci\u00f3n del D\u00eda del \u00c1rbol, lideradas por la Ingeniera Forestal Karime Salom\u00f3n. En entrevista para Diario Plaza Ju\u00e1rez, Karime, se\u00f1al\u00f3 que todo comenz\u00f3 gracias a la labor de Ariadna Gonz\u00e1lez Jacobo, fundadora de Arboristas M\u00e9xico, [&hellip;]<\/p>\n","protected":false},"author":101,"featured_media":170913,"comment_status":"closed","ping_status":"open","sticky":false,"template":"","format":"standard","meta":{"footnotes":""},"categories":[59],"tags":[],"class_list":["post-170912","post","type-post","status-publish","format-standard","has-post-thumbnail","hentry","category-general"],"_links":{"self":[{"href":"https:\/\/plazajuarez.mx\/historico\/wp-json\/wp\/v2\/posts\/170912","targetHints":{"allow":["GET"]}}],"collection":[{"href":"https:\/\/plazajuarez.mx\/historico\/wp-json\/wp\/v2\/posts"}],"about":[{"href":"https:\/\/plazajuarez.mx\/historico\/wp-json\/wp\/v2\/types\/post"}],"author":[{"embeddable":true,"href":"https:\/\/plazajuarez.mx\/historico\/wp-json\/wp\/v2\/users\/101"}],"replies":[{"embeddable":true,"href":"https:\/\/plazajuarez.mx\/historico\/wp-json\/wp\/v2\/comments?post=170912"}],"version-history":[{"count":0,"href":"https:\/\/plazajuarez.mx\/historico\/wp-json\/wp\/v2\/posts\/170912\/revisions"}],"wp:featuredmedia":[{"embeddable":true,"href":"https:\/\/plazajuarez.mx\/historico\/wp-json\/wp\/v2\/media\/170913"}],"wp:attachment":[{"href":"https:\/\/plazajuarez.mx\/historico\/wp-json\/wp\/v2\/media?parent=170912"}],"wp:term":[{"taxonomy":"category","embeddable":true,"href":"https:\/\/plazajuarez.mx\/historico\/wp-json\/wp\/v2\/categories?post=170912"},{"taxonomy":"post_tag","embeddable":true,"href":"https:\/\/plazajuarez.mx\/historico\/wp-json\/wp\/v2\/tags?post=170912"}],"curies":[{"name":"wp","href":"https:\/\/api.w.org\/{rel}","templated":true}]}}