{"id":170520,"date":"2021-07-05T10:43:42","date_gmt":"2021-07-05T15:43:42","guid":{"rendered":"https:\/\/plazajuarez.mx\/?p=170520"},"modified":"2021-07-05T10:44:01","modified_gmt":"2021-07-05T15:44:01","slug":"estaba-nervioso-fue-algo-grande-rogelio-funes-mori","status":"publish","type":"post","link":"https:\/\/plazajuarez.mx\/historico\/estaba-nervioso-fue-algo-grande-rogelio-funes-mori\/","title":{"rendered":"&#8220;Estaba nervioso, fue algo grande&#8221;: Rogelio Funes Mori"},"content":{"rendered":"\n<p>Feliz, emocionado, ilusionado, extasiado. As\u00ed se sinti\u00f3 Rogelio Funes Mori despu\u00e9s de su debut con gol en la Selecci\u00f3n Mexicana.<br><br>&#8220;Muchos sentimientos encontrados, muchos pensamientos. Al principio estaba ansioso, nervioso, pero con el pasar del tiempo y con el apoyo de mis compa\u00f1eros todo pas\u00f3 muy r\u00e1pido. La realidad es que todos me han tratado muy bien y la gente aplaudi\u00f3. Fue algo grande&#8221;.<br><br>En entrevista a TUDN, el &#8216;Mellizo&#8217; confes\u00f3 que uno de sus sue\u00f1os, &#8220;se ha cumplido&#8230; Pero todo eso ya pas\u00f3, as\u00ed que hay que seguir adelante, a trabajar mucho, ahora hay que pensar en lo que viene y entrenar mucho&#8221;.<br><br>Afirma que antes de iniciar el juego, en estos d\u00edas, &#8220;habl\u00e9 mucho con mis compa\u00f1eros, me dieron muchos consejos, lo m\u00e1s claro es que solo hiciera lo que me gustara, con ese apoyo y tranquilidad.<\/p>\n","protected":false},"excerpt":{"rendered":"<p>Feliz, emocionado, ilusionado, extasiado. As\u00ed se sinti\u00f3 Rogelio Funes Mori despu\u00e9s de su debut con gol en la Selecci\u00f3n Mexicana. &#8220;Muchos sentimientos encontrados, muchos pensamientos. Al principio estaba ansioso, nervioso, pero con el pasar del tiempo y con el apoyo de mis compa\u00f1eros todo pas\u00f3 muy r\u00e1pido. La realidad es que todos me han tratado [&hellip;]<\/p>\n","protected":false},"author":81,"featured_media":170515,"comment_status":"closed","ping_status":"open","sticky":false,"template":"","format":"standard","meta":{"footnotes":""},"categories":[39],"tags":[],"class_list":["post-170520","post","type-post","status-publish","format-standard","has-post-thumbnail","hentry","category-deportiva"],"_links":{"self":[{"href":"https:\/\/plazajuarez.mx\/historico\/wp-json\/wp\/v2\/posts\/170520","targetHints":{"allow":["GET"]}}],"collection":[{"href":"https:\/\/plazajuarez.mx\/historico\/wp-json\/wp\/v2\/posts"}],"about":[{"href":"https:\/\/plazajuarez.mx\/historico\/wp-json\/wp\/v2\/types\/post"}],"author":[{"embeddable":true,"href":"https:\/\/plazajuarez.mx\/historico\/wp-json\/wp\/v2\/users\/81"}],"replies":[{"embeddable":true,"href":"https:\/\/plazajuarez.mx\/historico\/wp-json\/wp\/v2\/comments?post=170520"}],"version-history":[{"count":0,"href":"https:\/\/plazajuarez.mx\/historico\/wp-json\/wp\/v2\/posts\/170520\/revisions"}],"wp:featuredmedia":[{"embeddable":true,"href":"https:\/\/plazajuarez.mx\/historico\/wp-json\/wp\/v2\/media\/170515"}],"wp:attachment":[{"href":"https:\/\/plazajuarez.mx\/historico\/wp-json\/wp\/v2\/media?parent=170520"}],"wp:term":[{"taxonomy":"category","embeddable":true,"href":"https:\/\/plazajuarez.mx\/historico\/wp-json\/wp\/v2\/categories?post=170520"},{"taxonomy":"post_tag","embeddable":true,"href":"https:\/\/plazajuarez.mx\/historico\/wp-json\/wp\/v2\/tags?post=170520"}],"curies":[{"name":"wp","href":"https:\/\/api.w.org\/{rel}","templated":true}]}}