{"id":1704,"date":"2015-03-03T06:00:00","date_gmt":"2015-03-03T06:00:00","guid":{"rendered":"http:\/\/plazajuarez.mx\/index\/index.php\/2015\/03\/03\/futbol-nacional-28\/"},"modified":"2015-03-03T06:00:00","modified_gmt":"2015-03-03T06:00:00","slug":"futbol-nacional-28","status":"publish","type":"post","link":"https:\/\/plazajuarez.mx\/historico\/futbol-nacional-28\/","title":{"rendered":"Futbol Nacional"},"content":{"rendered":"<p><strong>Santa Cruz ya est\u00e1 sano<\/strong><\/p>\n<p>\u00a0<\/p>\n<p>Seis semanas despu\u00e9s, el delantero Roque Santa Cruz recibi\u00f3 el alta m\u00e9dica del Doctor Alfonso Jim\u00e9nez, Jefe de los Servicios M\u00e9dicos de Cruz Azul, lo cual le permiti\u00f3 entrenar al parejo de sus compa\u00f1eros.<\/p>\n<p>\u00a0<\/p>\n<p>  <!--more-->  <\/p>\n<p>\u00a0<\/p>\n<p>El artillero padeci\u00f3 una lesi\u00f3n en el muslo derecho y adem\u00e1s del apoyo del equipo m\u00e9dico celeste para recuperarse, Roque cont\u00f3 con la ayuda de un kinesi\u00f3logo argentino enviado expresamente por el entrenador de la Selecci\u00f3n de Paraguay, Ram\u00f3n &#8220;Pelado&#8221; D\u00edaz.<\/p>\n<p>\u00a0<\/p>\n<p>El equipo celeste entren\u00f3 esta tarde para iniciar su preparaci\u00f3n de cara al partido contra Atlas el s\u00e1bado donde Roque tiene \u201cprobabilidades\u201d de jugar, inform\u00f3 el club en un comunicado.<\/p>\n<p>**<\/p>\n<p>\u00a0<\/p>\n<p><strong>Aquivaldo si jugar\u00e1 ante Am\u00e9rica<\/strong><\/p>\n<p>\u00a0<\/p>\n<p>La inconformidad presentada por el Pachuca por la expulsi\u00f3n de Aquivaldo Mosquera surti\u00f3 efecto en la Comisi\u00f3n Disciplinaria, que retir\u00f3 la tarjeta roja al defensa.<\/p>\n<p>\u00a0<\/p>\n<p>De esta manera, los Tuzos contar\u00e1n con el zaguero para recibir al Am\u00e9rica el pr\u00f3ximo s\u00e1bado en el Estadio Hidalgo, luego de que el \u00e1rbitro Erim Ram\u00edrez lo expuls\u00f3 el viernes pasado en el partido contra Xolos presuntamente por tocar un bal\u00f3n con la mano, cuando en realidad le peg\u00f3 en el abdomen.<\/p>\n<p>\u00a0<\/p>\n<p>\u201cEl Club Pachuca present\u00f3 una inconformidad por la expulsi\u00f3n al jugador Aquivaldo Mosquera. Despu\u00e9s de analizar las pruebas presentadas, la Comisi\u00f3n Disciplinaria considera que procede tal solicitud, por lo que el futbolista podr\u00e1 ver acci\u00f3n la pr\u00f3xima jornada\u201d, explic\u00f3 esta tarde el organismo en un comunicado.<\/p>\n<p>\u00a0<\/p>\n<p>Ah\u00ed tambi\u00e9n inform\u00f3 que la Jornada 8 dej\u00f3 cuatro suspendidos, todos con un partido de inactividad.<\/p>\n<p>\u00a0<\/p>\n<p>Dos de ellos son del Am\u00e9rica: Pablo Aguilar y Daniel Guerrero, el primero por ser culpable de juego brusco grave y el segundo por impedir con falta una oportunidad manifiesta de gol durante la derrota frente a Leones Negros.<\/p>\n<p>***<\/p>\n<p>\u00a0<\/p>\n<p><strong>Boletos desde $50 para el Am\u00e9rica vs. Saprissa<\/strong><\/p>\n<p>\u00a0<\/p>\n<p>El rasgu\u00f1o de los Leones Negros ya qued\u00f3 atr\u00e1s. Las \u00c1guilas buscar\u00e1n finiquitar la serie ante Saprissa el pr\u00f3ximo mi\u00e9rcoles, en la &#8220;vuelta&#8221; de los Cuartos de Final de la Liga de Campeones Concacaf; los boletos para acudir al Azteca se adquirir en 50 pesos.<\/p>\n<p>Mediante redes sociales, el club azulcrema convoc\u00f3 a su afici\u00f3n para el cotejo que dominan 3\u20110, luego de la &#8220;ida&#8221; celebrada en Costa Rica.<\/p>\n<p>De igual modo, Am\u00e9rica entren\u00f3 en las instalaciones de Coapa, donde trabajaron aspectos de definici\u00f3n y tiros en el manch\u00f3n penal.<\/p>\n<p>Para el duelo de &#8220;Concachampions&#8221;, los actuales campeones del futbol mexicano podr\u00edan contar con el defensa Pablo Aguilar y con el mediocampista Jos\u00e9 Daniel Guerrero, quienes vieron la roja en el cotejo ante Leones Negros, en la Liga Mx.<\/p>\n<p>\u00a0<\/p>\n<p>Sin embargo, el entrenador Gustavo Matosas no ha definido al once titular, ya que en puerta tienen la visita a Pachuca por la J9 del Clausura 2015.<\/p>\n<p>***<\/p>\n<p>\u00a0<\/p>\n<p><strong>Chivas plane\u00f3 festejo del gol <\/strong><\/p>\n<p>\u00a0<\/p>\n<p>Los jugadores de Chivas, Carlos Salcedo e Isaac Brizuela, ya ten\u00edan planeado el festejo si a alguno de los dos le tocaba anotar frente a Monterrey, y su coreograf\u00eda fue inspirada en el atleta jamaicano Usain Bolt, quien ha marcado una \u00e9poca en el atletismo a nivel mundial.<\/p>\n<p>\u00a0<\/p>\n<p>\u201cEs uno de mis mejores compa\u00f1eros en el vestidor (Brizuela), ya lo ten\u00edamos planeado que si lo hac\u00eda \u00e9l o yo \u00edbamos a festejar as\u00ed. La vimos en un video de Usain Bolt, y de ah\u00ed nosotros creamos nuestros propios pasos\u201d, dijo el joven defensa central, quien hizo su primer gol en Primera Divisi\u00f3n vistiendo la playera del Guadalajara, para sellar el 3\u20110 sobre Rayados.<\/p>\n<p>\u00a0<\/p>\n<p>Lo que m\u00e1s contento tiene al jugador tapat\u00edo, es que el plantel est\u00e1 mostrando uni\u00f3n y eso los est\u00e1 sacando adelante en su lucha por no descender.<\/p>\n<p>\u00a0<\/p>\n<p>\u201cEl equipo ven\u00eda en ascenso, estamos muy unidos y siempre es lo que tratamos de transmitir a la gente, lo unidos que est\u00e1 el grupo, y como lo dice el hashtag: \u2018juntos contra todo\u201d.<\/p>\n","protected":false},"excerpt":{"rendered":"<p>Santa Cruz ya est\u00e1 sano \u00a0 Seis semanas despu\u00e9s, el delantero Roque Santa Cruz recibi\u00f3 el alta m\u00e9dica del Doctor Alfonso Jim\u00e9nez, Jefe de los Servicios M\u00e9dicos de Cruz Azul, lo cual le permiti\u00f3 entrenar al parejo de sus compa\u00f1eros. \u00a0<\/p>\n","protected":false},"author":93,"featured_media":0,"comment_status":"open","ping_status":"open","sticky":false,"template":"","format":"standard","meta":{"footnotes":""},"categories":[39],"tags":[],"class_list":["post-1704","post","type-post","status-publish","format-standard","hentry","category-deportiva"],"_links":{"self":[{"href":"https:\/\/plazajuarez.mx\/historico\/wp-json\/wp\/v2\/posts\/1704","targetHints":{"allow":["GET"]}}],"collection":[{"href":"https:\/\/plazajuarez.mx\/historico\/wp-json\/wp\/v2\/posts"}],"about":[{"href":"https:\/\/plazajuarez.mx\/historico\/wp-json\/wp\/v2\/types\/post"}],"author":[{"embeddable":true,"href":"https:\/\/plazajuarez.mx\/historico\/wp-json\/wp\/v2\/users\/93"}],"replies":[{"embeddable":true,"href":"https:\/\/plazajuarez.mx\/historico\/wp-json\/wp\/v2\/comments?post=1704"}],"version-history":[{"count":0,"href":"https:\/\/plazajuarez.mx\/historico\/wp-json\/wp\/v2\/posts\/1704\/revisions"}],"wp:attachment":[{"href":"https:\/\/plazajuarez.mx\/historico\/wp-json\/wp\/v2\/media?parent=1704"}],"wp:term":[{"taxonomy":"category","embeddable":true,"href":"https:\/\/plazajuarez.mx\/historico\/wp-json\/wp\/v2\/categories?post=1704"},{"taxonomy":"post_tag","embeddable":true,"href":"https:\/\/plazajuarez.mx\/historico\/wp-json\/wp\/v2\/tags?post=1704"}],"curies":[{"name":"wp","href":"https:\/\/api.w.org\/{rel}","templated":true}]}}