{"id":1703,"date":"2015-03-03T06:00:00","date_gmt":"2015-03-03T06:00:00","guid":{"rendered":"http:\/\/plazajuarez.mx\/index\/index.php\/2015\/03\/03\/futbol-internacional-23\/"},"modified":"2015-03-03T06:00:00","modified_gmt":"2015-03-03T06:00:00","slug":"futbol-internacional-23","status":"publish","type":"post","link":"https:\/\/plazajuarez.mx\/historico\/futbol-internacional-23\/","title":{"rendered":"Futbol Internacional"},"content":{"rendered":"<p><strong>CR7; hist\u00f3rico \u201cmerengue\u201d<\/strong><\/p>\n<p>Cristiano Ronaldo marco un tanto al Villarreal, con el que se convirti\u00f3 en el tercer goleador de la historia del Real Madrid, con 291 goles en 207 partidos, por encima de Carlos Santillana y\u00a0 detr\u00e1s de Ra\u00fal Gonz\u00e1lez (323 goles) y Alfredo Di St\u00e9fano (307).<\/p>\n<p>\u00a0<\/p>\n<p>  <!--more-->  <\/p>\n<p>\u00a0<\/p>\n<p>Cristiano fulmin\u00f3 con su anotaci\u00f3n treinta de la presente Liga de Espa\u00f1a, una mala din\u00e1mica en la competici\u00f3n dom\u00e9stica en el estadio Santiago Bernab\u00e9u, donde no marcaba desde que le hizo un &#8216;triplete&#8217; al Celta de Vigo el pasado 6 de diciembre.<\/p>\n<p>\u00a0<\/p>\n<p>Tuvo un nuevo r\u00e9cord personas, pero no el triunfo del Real Madrid, pero ahora es el primer futbolista en la historia de la Liga que marca m\u00e1s de 30 goles en cinco a\u00f1os consecutivos.<\/p>\n<p>\u00a0<\/p>\n<p>En la clasificaci\u00f3n hist\u00f3rica de goleadores, Cristiano supera a Santillana y se acerca a Di St\u00e9fano, al que, si no sufre lesiones, podr\u00eda alcanzar esta misma temporada, ya que est\u00e1 a 16 de los 307 goles de la &#8216;Saeta rubia&#8217;. Despu\u00e9s, se lanzar\u00e1 a por los n\u00fameros que dej\u00f3 Ra\u00fal, con 323 tantos de blanco.<\/p>\n<p>\u00a0<\/p>\n<p>Ese pulso ya lo mantiene el astro portugu\u00e9s en la clasificaci\u00f3n de goles en Liga del Real Madrid, donde est\u00e1 m\u00e1s cerca de convertirse en el m\u00e1ximo artillero. Con sus 207 goles est\u00e1 a nueve de los 216 de Di St\u00e9fano y acerc\u00e1ndose cada jornada m\u00e1s a los 229 de Ra\u00fal Gonz\u00e1lez.<\/p>\n<p>\u00a0<\/p>\n<p>El Villarreal es el noveno equipo al que Cristiano m\u00e1s marca. Lo hizo en once ocasiones en nueve partidos. Sus v\u00edctimas preferidas son Sevilla (18 goles), Getafe y Atl\u00e9tico de Madrid (15).<\/p>\n<p><strong>**<\/strong><\/p>\n<p><strong>\u00a0<\/strong><\/p>\n<p><strong>Kroos m\u00e1s c\u00f3modo que nunca con el Madrid <\/strong><\/p>\n<p><strong>\u00a0<\/strong><\/p>\n<p>Toni Kroos, centrocampista internacional alem\u00e1n del Real Madrid, reflexion\u00f3 sobre la demarcaci\u00f3n que ocupa con Carlo Ancelotti, m\u00e1s retrasada respecto al Bayern M\u00fanich y la selecci\u00f3n alemana, y asegur\u00f3 que &#8220;es secundario&#8221; que &#8220;llegue m\u00e1s al \u00e1rea rival&#8221;.<\/p>\n<p>\u00a0<\/p>\n<p>&#8220;Lo determinante es entrar en el engranaje del equipo. Nosotros solemos jugar con tres mediocampistas, y soy yo quien asume un papel m\u00e1s defensivo, lo llevo haciendo desde principio de temporada y me siento a gusto&#8221;, reflexion\u00f3 en una entrevista con FIFA.<\/p>\n<p>\u00a0<\/p>\n<p>&#8220;Normalmente jugamos con muchos atacantes, por eso es secundario que yo llegue m\u00e1s al \u00e1rea rival. Lo principal es que me ocupe de la circulaci\u00f3n del bal\u00f3n en el centro del campo y que no perdamos nunca la posici\u00f3n en esa zona&#8221;, afirm\u00f3.<\/p>\n<p>\u00a0<\/p>\n<p>Respecto a su nueva vida en Madrid, Kroos asegur\u00f3 que al principio le cost\u00f3 adaptarse y que hay diferencias de &#8220;mentalidad&#8221; respecto a lo que ten\u00eda en M\u00fanich, pero destac\u00f3 su adaptaci\u00f3n. Centrado fuera del futbol en su paternidad, brome\u00f3 que es una labor en la que podr\u00eda ganar un Bal\u00f3n de Oro. &#8220;Creo que soy muy buen pap\u00e1. \u00a1Eso s\u00ed que es lo m\u00e1s importante!&#8221;.<\/p>\n<p><strong>**<\/strong><\/p>\n<p><strong>\u00a0<\/strong><\/p>\n<p><strong>\u00a0<\/strong><\/p>\n<p><strong>Barcelona respalda a su entrenador<\/strong><\/p>\n<p><strong><br \/> <\/strong><\/p>\n<p>Ivan Rakitic, internacional croata del Barcelona, destaca en una entrevista la uni\u00f3n del vestuario azulgrana y su respaldo al entrenador, Luis Enrique, al tiempo que expresa su deseo de seguir en el club durante muchos a\u00f1os.<\/p>\n<p>\u00a0<\/p>\n<p>&#8220;Me gustar\u00eda, si Dios lo permite, quedarme en el Barcelona muchos a\u00f1os&#8221;, asegura Rakitic al diario deportivo croata &#8220;Sportske Novosti&#8221;, un rotativo que afirma que juega cada vez mejor en el Barcelona.<\/p>\n<p>\u00a0<\/p>\n<p>El \u00e9xito del club est\u00e1 en el compa\u00f1erismo, revela el centrocampista, que tiene una confianza total en su entrenador.<\/p>\n<p>\u00a0<\/p>\n<p>&#8220;Nuestro \u00e9xito est\u00e1 en el colectivo, actuamos todos para uno y uno para todos&#8221;, explica, y de Luis Enrique dice: &#8220;\u00e9l es el jefe y sabe qu\u00e9 es lo mejor. Todos le creemos&#8221;.<\/p>\n<p><strong>\u00a0<\/strong><\/p>\n<p><strong>\u00a0<\/strong><\/p>\n<p><strong>\u00a0<\/strong><\/p>\n<p><strong>***<\/strong><\/p>\n<p><strong>Maradona causa pol\u00e9mica por nuevo \u201clook\u201d<\/strong><\/p>\n<p>\u00a0<\/p>\n<p>El ex futbolista argentino Diego Armando Maradona caus\u00f3 revuelo en redes sociales, luego de lucir una nueva imagen en el programa de televisi\u00f3n \u201cDe Zurda\u201d, grabado en Venezuela.<\/p>\n<p>\u201cEl Pelusa\u201d \u2011que visit\u00f3 Venezuela para participar en actos pol\u00edticos\u2011 apareci\u00f3 a cuadro con los labios pintados y un arete en la oreja derecha, hecho que cuestionaron usuarios de redes sociales y la prensa deportiva.<\/p>\n<p>\u00a0<\/p>\n<p>\u00a0<\/p>\n<p>Anteriormente, en enero, el argentino caus\u00f3 revuelo al aparecer en la portada de la revista espa\u00f1ola \u201cAS\u201d caracterizado de mujer, con el reportaje \u201cLa Vida loca de Maradona\u201d.<\/p>\n<p>En febrero, el astro albiceleste de 54 a\u00f1os, en su visita a Cuba, recurri\u00f3 a un tratamiento rejuvenecedor.<\/p>\n","protected":false},"excerpt":{"rendered":"<p>CR7; hist\u00f3rico \u201cmerengue\u201d Cristiano Ronaldo marco un tanto al Villarreal, con el que se convirti\u00f3 en el tercer goleador de la historia del Real Madrid, con 291 goles en 207 partidos, por encima de Carlos Santillana y\u00a0 detr\u00e1s de Ra\u00fal Gonz\u00e1lez (323 goles) y Alfredo Di St\u00e9fano (307). \u00a0<\/p>\n","protected":false},"author":93,"featured_media":0,"comment_status":"open","ping_status":"open","sticky":false,"template":"","format":"standard","meta":{"footnotes":""},"categories":[39],"tags":[],"class_list":["post-1703","post","type-post","status-publish","format-standard","hentry","category-deportiva"],"_links":{"self":[{"href":"https:\/\/plazajuarez.mx\/historico\/wp-json\/wp\/v2\/posts\/1703","targetHints":{"allow":["GET"]}}],"collection":[{"href":"https:\/\/plazajuarez.mx\/historico\/wp-json\/wp\/v2\/posts"}],"about":[{"href":"https:\/\/plazajuarez.mx\/historico\/wp-json\/wp\/v2\/types\/post"}],"author":[{"embeddable":true,"href":"https:\/\/plazajuarez.mx\/historico\/wp-json\/wp\/v2\/users\/93"}],"replies":[{"embeddable":true,"href":"https:\/\/plazajuarez.mx\/historico\/wp-json\/wp\/v2\/comments?post=1703"}],"version-history":[{"count":0,"href":"https:\/\/plazajuarez.mx\/historico\/wp-json\/wp\/v2\/posts\/1703\/revisions"}],"wp:attachment":[{"href":"https:\/\/plazajuarez.mx\/historico\/wp-json\/wp\/v2\/media?parent=1703"}],"wp:term":[{"taxonomy":"category","embeddable":true,"href":"https:\/\/plazajuarez.mx\/historico\/wp-json\/wp\/v2\/categories?post=1703"},{"taxonomy":"post_tag","embeddable":true,"href":"https:\/\/plazajuarez.mx\/historico\/wp-json\/wp\/v2\/tags?post=1703"}],"curies":[{"name":"wp","href":"https:\/\/api.w.org\/{rel}","templated":true}]}}