{"id":170260,"date":"2021-07-02T06:55:00","date_gmt":"2021-07-02T11:55:00","guid":{"rendered":"https:\/\/plazajuarez.mx\/?p=170260"},"modified":"2021-07-02T17:14:20","modified_gmt":"2021-07-02T22:14:20","slug":"ful-volvera-a-ser-virtual","status":"publish","type":"post","link":"https:\/\/plazajuarez.mx\/historico\/ful-volvera-a-ser-virtual\/","title":{"rendered":"FUL volver\u00e1 a ser virtual"},"content":{"rendered":"\n<p>La Universidad Aut\u00f3noma del Estado de Hidalgo (UAEH) inform\u00f3 que la edici\u00f3n n\u00famero 34 de la Feria Universitaria del Libro (FUL); que tiene la tem\u00e1tica de Futuro sostenible y como pa\u00eds invitado a Austria; se llevar\u00e1 del 27 de agosto al 5 de septiembre en modalidad virtual, por lo que ser\u00e1 el segundo a\u00f1o que se lleve de esta forma, derivado de la pandemia.<\/p>\n\n\n\n<p>La instituci\u00f3n detall\u00f3 que la decisi\u00f3n fue determinada por la Comisi\u00f3n Institucional de Seguridad en Salud, miembro de la instituci\u00f3n \u201cencargado de establecer acciones, coordinar y evaluar todas las medidas que resulten necesarias para prevenir, controlar y combatir contingencias sanitarias y de \u00edndole naturales\u201d, esto con el objetivo de cuidar la salud de \u201cquienes participan y asisten a esta fiesta literaria\u201d.<\/p>\n\n\n\n<p>Para esta edici\u00f3n se tiene contemplado el Encuentro Universitario de Traductores, IlustraFUL, el Encuentro de Libreros y entregas de reconocimientos a especialistas y destacados de la literatura. As\u00ed mismo se lanz\u00f3 la convocatoria para el quinto encuentro de FULTubers y se incluy\u00f3 el Primer Concurso de Podcast.<\/p>\n\n\n\n<p>Ayer, durante la emisi\u00f3n del programa de radio \u201cLectura cero\u201d en Radio Universidad, Marco Antonio Alfaro, conductor y presidente de la FUL confirm\u00f3 lo dicho anteriormente en un bolet\u00edn, que las actividades se llevar\u00e1n en esta modalidad, pero puntualiz\u00f3 que \u201ceso no merma la gran calidad que tendr\u00e1 esta 34 edici\u00f3n de la Feria Universitaria del Libro\u201d.<\/p>\n\n\n\n<p>En el programa tuvo como invitada a la maestra Virginia T\u00e9llez, quien es coordinadora del \u00e1rea de dise\u00f1o gr\u00e1fico en la Escuela Superior de Actopan y titular del programa de IlustraFUL. All\u00ed mencion\u00f3 que ser\u00e1 el octavo encuentro que se haga el 2 y 3 de septiembre en un horario de 10 de la ma\u00f1ana a 3 de la tarde, esto como parte de las actividades.<\/p>\n","protected":false},"excerpt":{"rendered":"<p>La Universidad Aut\u00f3noma del Estado de Hidalgo (UAEH) inform\u00f3 que la edici\u00f3n n\u00famero 34 de la Feria Universitaria del Libro (FUL); que tiene la tem\u00e1tica de Futuro sostenible y como pa\u00eds invitado a Austria; se llevar\u00e1 del 27 de agosto al 5 de septiembre en modalidad virtual, por lo que ser\u00e1 el segundo a\u00f1o que [&hellip;]<\/p>\n","protected":false},"author":101,"featured_media":170261,"comment_status":"closed","ping_status":"open","sticky":false,"template":"","format":"standard","meta":{"footnotes":""},"categories":[15,59],"tags":[],"class_list":["post-170260","post","type-post","status-publish","format-standard","has-post-thumbnail","hentry","category-destacadas","category-general"],"_links":{"self":[{"href":"https:\/\/plazajuarez.mx\/historico\/wp-json\/wp\/v2\/posts\/170260","targetHints":{"allow":["GET"]}}],"collection":[{"href":"https:\/\/plazajuarez.mx\/historico\/wp-json\/wp\/v2\/posts"}],"about":[{"href":"https:\/\/plazajuarez.mx\/historico\/wp-json\/wp\/v2\/types\/post"}],"author":[{"embeddable":true,"href":"https:\/\/plazajuarez.mx\/historico\/wp-json\/wp\/v2\/users\/101"}],"replies":[{"embeddable":true,"href":"https:\/\/plazajuarez.mx\/historico\/wp-json\/wp\/v2\/comments?post=170260"}],"version-history":[{"count":0,"href":"https:\/\/plazajuarez.mx\/historico\/wp-json\/wp\/v2\/posts\/170260\/revisions"}],"wp:featuredmedia":[{"embeddable":true,"href":"https:\/\/plazajuarez.mx\/historico\/wp-json\/wp\/v2\/media\/170261"}],"wp:attachment":[{"href":"https:\/\/plazajuarez.mx\/historico\/wp-json\/wp\/v2\/media?parent=170260"}],"wp:term":[{"taxonomy":"category","embeddable":true,"href":"https:\/\/plazajuarez.mx\/historico\/wp-json\/wp\/v2\/categories?post=170260"},{"taxonomy":"post_tag","embeddable":true,"href":"https:\/\/plazajuarez.mx\/historico\/wp-json\/wp\/v2\/tags?post=170260"}],"curies":[{"name":"wp","href":"https:\/\/api.w.org\/{rel}","templated":true}]}}