{"id":170257,"date":"2021-07-02T06:55:00","date_gmt":"2021-07-02T11:55:00","guid":{"rendered":"https:\/\/plazajuarez.mx\/?p=170257"},"modified":"2021-07-02T17:08:52","modified_gmt":"2021-07-02T22:08:52","slug":"conversatorio-experiencias-docentes-de-la-modalidad-en-linea","status":"publish","type":"post","link":"https:\/\/plazajuarez.mx\/historico\/conversatorio-experiencias-docentes-de-la-modalidad-en-linea\/","title":{"rendered":"Conversatorio: Experiencias docentes de la modalidad en l\u00ednea"},"content":{"rendered":"\n<p>Ayer se llev\u00f3 a cabo, el cierre de manera virtual del Conversatorio: Experiencias docentes de la modalidad en l\u00ednea, organizado por la Supervisi\u00f3n del Sector Educativo N\u00b0 24 de Primarias Generales, cuya finalidad fue compartir la experiencia de los compa\u00f1eros y compa\u00f1eras de este ciclo escolar en l\u00ednea, expres\u00f3 Tito Armando Fuentes Espinosa, Supervisor General del Sector.<\/p>\n\n\n\n<p>Las actividades se transmitieron por el canal de YouTube Jefatura del Sector 24 y ayer, en punto de las cuatro de la tarde dieron comienzo con la conferencia impartida por Blanca Delia Vite Vargas, denominada \u201cAnte una nueva realidad, una nueva modalidad\u201d donde habl\u00f3 de las actividades que deber\u00e1n implementar para el aprendizaje de cada ni\u00f1o, considerando el contexto, ritmo de aprendizaje y competencias de cada uno de los estudiantes para guiarlos en ello.<\/p>\n\n\n\n<p>Continu\u00f3 un conversatorio de maestras de Primaria Alta, que imparten clase de cuarto a sexto a\u00f1o, fue moderado por Isela Gonz\u00e1lez Fuentes y cont\u00f3 con la participaci\u00f3n de las docentes Luz del Carmen Le\u00f3n T\u00e9llez Gir\u00f3n; perteneciente a la escuela \u201cDistribuidores Nissan\u201d de la zona escolar (Z.E) 164; Mar\u00eda Magdalena Fonseca Paredes; de la \u201cCentro Escolar Hidalgo\u201d Z.E 055; Rosalba Capilla Hern\u00e1ndez; escuela \u201c18 de marzo\u201d, Z.E 167; y Teresa de Jes\u00fas Gea S\u00e1nchez; de la primaria \u201cEverardo M\u00e1rquez\u201d Z. E 016.<\/p>\n\n\n\n<p>Durante m\u00e1s de una hora hablaron acerca de las estrategias y actividades que implementaron de forma virtual para el desarrollo de la lectura y escritura, del pensamiento matem\u00e1tico y de la educaci\u00f3n socioemocional. En cuanto a la lengua materna, implementaron actividades como \u201cUn libro al mes\u201d \u201cCreando manualidades\u201d \u201cTira un cuento\u201d y \u201cConocer una canci\u00f3n de los pueblos originarios de M\u00e9xico\u201d. Para el pensamiento matem\u00e1tico buscaron actividades de c\u00e1lculo mental y para la educaci\u00f3n socioemocional implementaron mini-yoga, arteterapia, y actividades como frascos de la felicidad.<\/p>\n\n\n\n<p>Al t\u00e9rmino del evento, Tito Armando, agradeci\u00f3 a las participantes e hizo entrega simb\u00f3lica de un reconocimiento, mismo que indic\u00f3 ser\u00e1 hecho llegar a los hogares de cada una de las participantes.<\/p>\n","protected":false},"excerpt":{"rendered":"<p>Ayer se llev\u00f3 a cabo, el cierre de manera virtual del Conversatorio: Experiencias docentes de la modalidad en l\u00ednea, organizado por la Supervisi\u00f3n del Sector Educativo N\u00b0 24 de Primarias Generales, cuya finalidad fue compartir la experiencia de los compa\u00f1eros y compa\u00f1eras de este ciclo escolar en l\u00ednea, expres\u00f3 Tito Armando Fuentes Espinosa, Supervisor General [&hellip;]<\/p>\n","protected":false},"author":101,"featured_media":170258,"comment_status":"closed","ping_status":"open","sticky":false,"template":"","format":"standard","meta":{"footnotes":""},"categories":[15,59],"tags":[],"class_list":["post-170257","post","type-post","status-publish","format-standard","has-post-thumbnail","hentry","category-destacadas","category-general"],"_links":{"self":[{"href":"https:\/\/plazajuarez.mx\/historico\/wp-json\/wp\/v2\/posts\/170257","targetHints":{"allow":["GET"]}}],"collection":[{"href":"https:\/\/plazajuarez.mx\/historico\/wp-json\/wp\/v2\/posts"}],"about":[{"href":"https:\/\/plazajuarez.mx\/historico\/wp-json\/wp\/v2\/types\/post"}],"author":[{"embeddable":true,"href":"https:\/\/plazajuarez.mx\/historico\/wp-json\/wp\/v2\/users\/101"}],"replies":[{"embeddable":true,"href":"https:\/\/plazajuarez.mx\/historico\/wp-json\/wp\/v2\/comments?post=170257"}],"version-history":[{"count":0,"href":"https:\/\/plazajuarez.mx\/historico\/wp-json\/wp\/v2\/posts\/170257\/revisions"}],"wp:featuredmedia":[{"embeddable":true,"href":"https:\/\/plazajuarez.mx\/historico\/wp-json\/wp\/v2\/media\/170258"}],"wp:attachment":[{"href":"https:\/\/plazajuarez.mx\/historico\/wp-json\/wp\/v2\/media?parent=170257"}],"wp:term":[{"taxonomy":"category","embeddable":true,"href":"https:\/\/plazajuarez.mx\/historico\/wp-json\/wp\/v2\/categories?post=170257"},{"taxonomy":"post_tag","embeddable":true,"href":"https:\/\/plazajuarez.mx\/historico\/wp-json\/wp\/v2\/tags?post=170257"}],"curies":[{"name":"wp","href":"https:\/\/api.w.org\/{rel}","templated":true}]}}