{"id":170247,"date":"2021-07-02T06:55:00","date_gmt":"2021-07-02T11:55:00","guid":{"rendered":"https:\/\/plazajuarez.mx\/?p=170247"},"modified":"2021-07-02T17:02:17","modified_gmt":"2021-07-02T22:02:17","slug":"manana-presentaran-arroz-con-leche-y-otros-cuentos-del-kinder","status":"publish","type":"post","link":"https:\/\/plazajuarez.mx\/historico\/manana-presentaran-arroz-con-leche-y-otros-cuentos-del-kinder\/","title":{"rendered":"Ma\u00f1ana presentar\u00e1n \u201cArroz con leche y otros cuentos del k\u00ednder\u201d"},"content":{"rendered":"\n<p>Ma\u00f1ana en punto de las diez, Karla Escorza presentar\u00e1 su primer libro publicado:<\/p>\n\n\n\n<p>\u201cArroz con leche y otros cuentos del k\u00ednder\u201d, en las instalaciones de Librer\u00eda Mestiza ubicada en la planta alta del centro cultural Helado Oculto. Un libro que contiene seis historias dentro y que igual ser\u00e1 presentado por el psic\u00f3logo Josu\u00e9 Ledezma.<\/p>\n\n\n\n<p>En entrevista para Diario Plaza Ju\u00e1rez, la autora explic\u00f3 que \u201caunque el libro parece un cuento para ni\u00f1os, no es as\u00ed, es una serie de relatos de adultos que han hecho recuerdos de un momento interesante o que les dej\u00f3 una marca en la infancia\u201d, de hecho parten de la solicitud que ella hizo en su momento a un grupo de amigos para que le contaran un recuerdo de esta etapa: \u201cconcretamente de la primera infancia, para que me permitieran jugar un poco con ese sentimiento\u201d.<\/p>\n\n\n\n<p>El cuento que da el nombre al libro \u201ces de un ni\u00f1o del k\u00ednder, te cuenta la historia de c\u00f3mo descubre el arroz con leche y hay otro que es flower powers que te cuenta la historia de una ni\u00f1a que no ten\u00eda pinturas para hacer un cuadro y de repente tom\u00f3 algo que no era justamente una pintura, pero hizo un \u00f3leo\u201d.<\/p>\n\n\n\n<p>La presentaci\u00f3n surge luego de publicar en sus redes que ten\u00eda el libro listo y Josu\u00e9, compa\u00f1ero de talleres y hasta de un diplomado en el Instituto Nacional de Antropolog\u00eda e Historia (INAH) le ofrece presentarlo en la librer\u00eda, donde ella espera, en un futuro, se presente otra de sus obras, que al momento est\u00e1 en preparaci\u00f3n.<\/p>\n\n\n\n<p>Karla escribe cuentos desde hace algunos a\u00f1os, sol\u00eda escrib\u00edrselos a su pap\u00e1 y \u00e9l los guardaba para imprimirlos despu\u00e9s. Volvi\u00f3 a escribir en su etapa de adulta para hacer unos ejercicios psicol\u00f3gicos y de ah\u00ed se desprendi\u00f3 \u201cCuentos en combi\u201d los cuales se encuentran en la p\u00e1gina de su blog karlaescorza.blogspot.mx, donde, ella dice, escribe cuentos circulares, lineales, comedia, de miedo y hasta tiene una novela.<\/p>\n\n\n\n<p>Trabaja en la Secretar\u00eda de Turismo desde hace tres a\u00f1os y aunque pareciese que no tiene nada que ver, las letras se mantienen all\u00ed: \u201cmi trabajo tiene mucho que ver con escribir, hice en su momento un compendio de gastronom\u00eda, que no ha sido publicado, pero que est\u00e1 hecho ya.\u201d Colabor\u00f3 durante alg\u00fan tiempo en Intervalos, \u201cuna p\u00e1gina cultural que, en su momento, el Sol de Hidalgo ten\u00eda los viernes\u201d y su blog personal lleva por nombre \u201cCuentos an\u00e9cdotas y m\u00e1s\u201d.<\/p>\n","protected":false},"excerpt":{"rendered":"<p>Ma\u00f1ana en punto de las diez, Karla Escorza presentar\u00e1 su primer libro publicado: \u201cArroz con leche y otros cuentos del k\u00ednder\u201d, en las instalaciones de Librer\u00eda Mestiza ubicada en la planta alta del centro cultural Helado Oculto. Un libro que contiene seis historias dentro y que igual ser\u00e1 presentado por el psic\u00f3logo Josu\u00e9 Ledezma. En [&hellip;]<\/p>\n","protected":false},"author":101,"featured_media":170251,"comment_status":"closed","ping_status":"open","sticky":false,"template":"","format":"standard","meta":{"footnotes":""},"categories":[15,59],"tags":[],"class_list":["post-170247","post","type-post","status-publish","format-standard","has-post-thumbnail","hentry","category-destacadas","category-general"],"_links":{"self":[{"href":"https:\/\/plazajuarez.mx\/historico\/wp-json\/wp\/v2\/posts\/170247","targetHints":{"allow":["GET"]}}],"collection":[{"href":"https:\/\/plazajuarez.mx\/historico\/wp-json\/wp\/v2\/posts"}],"about":[{"href":"https:\/\/plazajuarez.mx\/historico\/wp-json\/wp\/v2\/types\/post"}],"author":[{"embeddable":true,"href":"https:\/\/plazajuarez.mx\/historico\/wp-json\/wp\/v2\/users\/101"}],"replies":[{"embeddable":true,"href":"https:\/\/plazajuarez.mx\/historico\/wp-json\/wp\/v2\/comments?post=170247"}],"version-history":[{"count":0,"href":"https:\/\/plazajuarez.mx\/historico\/wp-json\/wp\/v2\/posts\/170247\/revisions"}],"wp:featuredmedia":[{"embeddable":true,"href":"https:\/\/plazajuarez.mx\/historico\/wp-json\/wp\/v2\/media\/170251"}],"wp:attachment":[{"href":"https:\/\/plazajuarez.mx\/historico\/wp-json\/wp\/v2\/media?parent=170247"}],"wp:term":[{"taxonomy":"category","embeddable":true,"href":"https:\/\/plazajuarez.mx\/historico\/wp-json\/wp\/v2\/categories?post=170247"},{"taxonomy":"post_tag","embeddable":true,"href":"https:\/\/plazajuarez.mx\/historico\/wp-json\/wp\/v2\/tags?post=170247"}],"curies":[{"name":"wp","href":"https:\/\/api.w.org\/{rel}","templated":true}]}}