{"id":170189,"date":"2021-07-02T10:24:37","date_gmt":"2021-07-02T15:24:37","guid":{"rendered":"https:\/\/plazajuarez.mx\/?p=170189"},"modified":"2021-07-02T10:27:21","modified_gmt":"2021-07-02T15:27:21","slug":"cine-de-hoy-214","status":"publish","type":"post","link":"https:\/\/plazajuarez.mx\/historico\/cine-de-hoy-214\/","title":{"rendered":"CINE DE HOY"},"content":{"rendered":"\n<h2 class=\"wp-block-heading\">La luz de No\u00e9<\/h2>\n\n\n\n<p class=\"wp-block-paragraph\">Desde sus inicios con cintas como Solo contra todos, el cineasta argentino-franc\u00e9s Gaspar No\u00e9 ha estado rodeado por la pol\u00e9mica, misma que ha cultivado en filmes como Irreversible, y m\u00e1s recientemente con Love y Cl\u00edmax.<\/p>\n\n\n\n<p class=\"wp-block-paragraph\">En la Cineteca Nacional se ha estrenado uno de sus \u00faltimos trabajos, Lux Aeterna, con bastante buen \u00e9xito.<\/p>\n\n\n\n<p class=\"wp-block-paragraph\">El gui\u00f3n del propio realizador narra la supuesta ca\u00f3tica filmaci\u00f3n de una pel\u00edcula sobre brujas.<\/p>\n\n\n\n<p class=\"wp-block-paragraph\">La legendaria actriz Beatrice Dalle, la inolvidable Betty Blue va a debutar como realizadora y ha convencido a la actriz Charlotte Gainsbourg para que estelarice la cinta.<\/p>\n\n\n\n<p class=\"wp-block-paragraph\">Lo que no sabe es que los productores y fot\u00f3grafos F\u00e9lix y Fred (F\u00e9lix Maritaud) y (Frederic Cambier) conspiran contra ella.<\/p>\n\n\n\n<p class=\"wp-block-paragraph\">A este caos se a\u00f1adir\u00e1n admiradores importunos, periodistas sensacionalistas. aspirantes a directores y hasta situaciones familiares imprevistas.<\/p>\n\n\n\n<p class=\"wp-block-paragraph\">Con todo. No\u00e9 consigue im\u00e1genes impactantes que hacen recordar La pasi\u00f3n de Juana de Arco de Carl Theodor Dreyer, a quien se hace un homenaje con fragmentos de D\u00edas de ira.<\/p>\n\n\n\n<p class=\"wp-block-paragraph\">No\u00e9 da gui\u00f1os a los cin\u00e9filos utilizando fragmentos de La brujer\u00eda a trav\u00e9s de los tiempos y citando a Fassbinder diciendo que cuando las cosas van mal en el set este debe convertirse en un dictador.<\/p>\n\n\n\n<p class=\"wp-block-paragraph\">Lux Aeterna resulta pues un filme muy rico visualmente con una impactante fotograf\u00eda de Benoit Debie, pero que no ser\u00e1 del agrado de todo el p\u00fablico, pese a que dura menos de una hora.<\/p>\n","protected":false},"excerpt":{"rendered":"<p>La luz de No\u00e9 Desde sus inicios con cintas como Solo contra todos, el cineasta argentino-franc\u00e9s Gaspar No\u00e9 ha estado rodeado por la pol\u00e9mica, misma que ha cultivado en filmes como Irreversible, y m\u00e1s recientemente con Love y Cl\u00edmax. En la Cineteca Nacional se ha estrenado uno de sus \u00faltimos trabajos, Lux Aeterna, con bastante [&hellip;]<\/p>\n","protected":false},"author":96,"featured_media":170191,"comment_status":"closed","ping_status":"open","sticky":false,"template":"","format":"standard","meta":{"footnotes":""},"categories":[41],"tags":[],"class_list":["post-170189","post","type-post","status-publish","format-standard","has-post-thumbnail","hentry","category-arteria-cultural"],"_links":{"self":[{"href":"https:\/\/plazajuarez.mx\/historico\/wp-json\/wp\/v2\/posts\/170189","targetHints":{"allow":["GET"]}}],"collection":[{"href":"https:\/\/plazajuarez.mx\/historico\/wp-json\/wp\/v2\/posts"}],"about":[{"href":"https:\/\/plazajuarez.mx\/historico\/wp-json\/wp\/v2\/types\/post"}],"author":[{"embeddable":true,"href":"https:\/\/plazajuarez.mx\/historico\/wp-json\/wp\/v2\/users\/96"}],"replies":[{"embeddable":true,"href":"https:\/\/plazajuarez.mx\/historico\/wp-json\/wp\/v2\/comments?post=170189"}],"version-history":[{"count":0,"href":"https:\/\/plazajuarez.mx\/historico\/wp-json\/wp\/v2\/posts\/170189\/revisions"}],"wp:featuredmedia":[{"embeddable":true,"href":"https:\/\/plazajuarez.mx\/historico\/wp-json\/wp\/v2\/media\/170191"}],"wp:attachment":[{"href":"https:\/\/plazajuarez.mx\/historico\/wp-json\/wp\/v2\/media?parent=170189"}],"wp:term":[{"taxonomy":"category","embeddable":true,"href":"https:\/\/plazajuarez.mx\/historico\/wp-json\/wp\/v2\/categories?post=170189"},{"taxonomy":"post_tag","embeddable":true,"href":"https:\/\/plazajuarez.mx\/historico\/wp-json\/wp\/v2\/tags?post=170189"}],"curies":[{"name":"wp","href":"https:\/\/api.w.org\/{rel}","templated":true}]}}